{"id":9797,"date":"2019-09-02T19:05:53","date_gmt":"2019-09-02T17:05:53","guid":{"rendered":"http:\/\/slivnica.splet.arnes.si\/?p=9797"},"modified":"2019-09-02T19:07:47","modified_gmt":"2019-09-02T17:07:47","slug":"razredne-slike-na-prevorju","status":"publish","type":"post","link":"https:\/\/www.os-slivnica.si\/?p=9797","title":{"rendered":"Razredne fotografije u\u010dencev na Prevorju"},"content":{"rendered":"<p>U\u010denci <strong>od 1. &#8211; 3. razreda<\/strong> z u\u010diteljicama<strong> \u0160tefko Planko<\/strong> in<strong> Matejo Kramer,<\/strong> ter <strong>u\u010denci od 4.-5.<\/strong> razreda z u\u010diteljicama <strong>Marijo Frece Perc<\/strong> in<strong> Anito Mastnak.<\/strong><\/p>\n<p style=\"text-align: center\">ngg_shortcode_0_placeholder<\/p>\n","protected":false},"excerpt":{"rendered":"<p>U\u010denci od 1. &#8211; 3. razreda z u\u010diteljicama \u0160tefko Planko in Matejo Kramer, ter u\u010denci od 4.-5. razreda z u\u010diteljicama Marijo Frece Perc in Anito Mastnak.<\/p>\n","protected":false},"author":6009,"featured_media":0,"comment_status":"closed","ping_status":"closed","sticky":false,"template":"","format":"standard","meta":{"_et_pb_use_builder":"","_et_pb_old_content":"","_et_gb_content_width":"","ngg_post_thumbnail":0,"footnotes":"","_expiration-date-status":"","_expiration-date":0,"_expiration-date-type":"","_expiration-date-categories":[],"_expiration-date-options":[]},"categories":[11],"tags":[],"class_list":["post-9797","post","type-post","status-publish","format-standard","hentry","category-ps-prevorje","et-doesnt-have-format-content","et_post_format-et-post-format-standard"],"_links":{"self":[{"href":"https:\/\/www.os-slivnica.si\/index.php?rest_route=\/wp\/v2\/posts\/9797","targetHints":{"allow":["GET"]}}],"collection":[{"href":"https:\/\/www.os-slivnica.si\/index.php?rest_route=\/wp\/v2\/posts"}],"about":[{"href":"https:\/\/www.os-slivnica.si\/index.php?rest_route=\/wp\/v2\/types\/post"}],"author":[{"embeddable":true,"href":"https:\/\/www.os-slivnica.si\/index.php?rest_route=\/wp\/v2\/users\/6009"}],"replies":[{"embeddable":true,"href":"https:\/\/www.os-slivnica.si\/index.php?rest_route=%2Fwp%2Fv2%2Fcomments&post=9797"}],"version-history":[{"count":2,"href":"https:\/\/www.os-slivnica.si\/index.php?rest_route=\/wp\/v2\/posts\/9797\/revisions"}],"predecessor-version":[{"id":9801,"href":"https:\/\/www.os-slivnica.si\/index.php?rest_route=\/wp\/v2\/posts\/9797\/revisions\/9801"}],"wp:attachment":[{"href":"https:\/\/www.os-slivnica.si\/index.php?rest_route=%2Fwp%2Fv2%2Fmedia&parent=9797"}],"wp:term":[{"taxonomy":"category","embeddable":true,"href":"https:\/\/www.os-slivnica.si\/index.php?rest_route=%2Fwp%2Fv2%2Fcategories&post=9797"},{"taxonomy":"post_tag","embeddable":true,"href":"https:\/\/www.os-slivnica.si\/index.php?rest_route=%2Fwp%2Fv2%2Ftags&post=9797"}],"curies":[{"name":"wp","href":"https:\/\/api.w.org\/{rel}","templated":true}]}}