{"id":9789,"date":"2019-09-02T18:59:04","date_gmt":"2019-09-02T16:59:04","guid":{"rendered":"http:\/\/slivnica.splet.arnes.si\/?p=9789"},"modified":"2019-09-02T19:01:30","modified_gmt":"2019-09-02T17:01:30","slug":"pet-prvosolcev-na-prevorju","status":"publish","type":"post","link":"https:\/\/www.os-slivnica.si\/?p=9789","title":{"rendered":"Pet prvo\u0161olcev na Prevorju"},"content":{"rendered":"<p style=\"text-align: center\"><strong><em><img loading=\"lazy\" decoding=\"async\" class=\"irc_mi aligncenter\" src=\"https:\/\/static.vecteezy.com\/system\/resources\/previews\/000\/229\/605\/non_2x\/first-day-of-school-vector.jpg\" alt=\"Rezultat iskanja slik za first day of school\" width=\"208\" height=\"146\" \/><\/em>Ho\u010de\u0161 no\u010de\u0161 v \u0161olo gre\u0161, <\/strong><\/p>\n<p style=\"text-align: center\"><strong>ho\u010de\u0161 no\u010de\u0161 vse izve\u0161, <\/strong><\/p>\n<p style=\"text-align: center\"><strong>ho\u010de\u0161 no\u010de\u0161 se u\u010di\u0161, <\/strong><\/p>\n<p style=\"text-align: center\"><strong>ho\u010de\u0161 no\u010de\u0161 \u017ee sedi\u0161.\u201d <\/strong><em>(slov. ljudska)<\/em><\/p>\n<p style=\"text-align: left\">V ponedeljek,<strong> 2. septembra<\/strong>, smo <strong>zakorakali<\/strong> v <strong>novo \u0161olsko leto<\/strong>. Tokrat je <strong>prag prevorske \u0161ole<\/strong> prestopilo<strong> pet<\/strong> <strong>prvo\u0161olcev.<\/strong> Najprej jih je prijazno nagovorila<strong> vodja P\u0160 Prevorje, ga. Marija Frece Perc,<\/strong> nato pa so jih s <strong>kraj\u0161im kulturnim<\/strong> <strong>programom<\/strong> pozdravili \u0161e<strong> u\u010denci od 2. &#8211; 5. razreda.<\/strong> Po malici je sledil <strong>posladek s torto<\/strong> in <strong>obisk \u017eupana g. Marka Diacija.<\/strong><\/p>\n<p style=\"text-align: left\"><em>Vsem prvo\u0161olcem in tudi ostalim u\u010dencem \u017eelimo prijeten in uspe\u0161en za\u010detek novega \u0161olskega leta!<\/em><\/p>\n<p style=\"text-align: center\">ngg_shortcode_0_placeholder<\/p>\n<p style=\"text-align: left\">\n","protected":false},"excerpt":{"rendered":"<p>Ho\u010de\u0161 no\u010de\u0161 v \u0161olo gre\u0161, ho\u010de\u0161 no\u010de\u0161 vse izve\u0161, ho\u010de\u0161 no\u010de\u0161 se u\u010di\u0161, ho\u010de\u0161 no\u010de\u0161 \u017ee sedi\u0161.\u201d (slov. ljudska) V ponedeljek, 2. septembra, smo zakorakali v novo \u0161olsko leto. Tokrat je prag prevorske \u0161ole prestopilo pet prvo\u0161olcev. Najprej jih je prijazno nagovorila vodja P\u0160 Prevorje, ga. Marija Frece Perc, nato pa so jih s kraj\u0161im [&hellip;]<\/p>\n","protected":false},"author":6009,"featured_media":0,"comment_status":"closed","ping_status":"closed","sticky":false,"template":"","format":"standard","meta":{"_et_pb_use_builder":"","_et_pb_old_content":"","_et_gb_content_width":"","ngg_post_thumbnail":0,"footnotes":"","_expiration-date-status":"","_expiration-date":0,"_expiration-date-type":"","_expiration-date-categories":[],"_expiration-date-options":[]},"categories":[11],"tags":[],"class_list":["post-9789","post","type-post","status-publish","format-standard","hentry","category-ps-prevorje","et-doesnt-have-format-content","et_post_format-et-post-format-standard"],"_links":{"self":[{"href":"https:\/\/www.os-slivnica.si\/index.php?rest_route=\/wp\/v2\/posts\/9789","targetHints":{"allow":["GET"]}}],"collection":[{"href":"https:\/\/www.os-slivnica.si\/index.php?rest_route=\/wp\/v2\/posts"}],"about":[{"href":"https:\/\/www.os-slivnica.si\/index.php?rest_route=\/wp\/v2\/types\/post"}],"author":[{"embeddable":true,"href":"https:\/\/www.os-slivnica.si\/index.php?rest_route=\/wp\/v2\/users\/6009"}],"replies":[{"embeddable":true,"href":"https:\/\/www.os-slivnica.si\/index.php?rest_route=%2Fwp%2Fv2%2Fcomments&post=9789"}],"version-history":[{"count":2,"href":"https:\/\/www.os-slivnica.si\/index.php?rest_route=\/wp\/v2\/posts\/9789\/revisions"}],"predecessor-version":[{"id":9793,"href":"https:\/\/www.os-slivnica.si\/index.php?rest_route=\/wp\/v2\/posts\/9789\/revisions\/9793"}],"wp:attachment":[{"href":"https:\/\/www.os-slivnica.si\/index.php?rest_route=%2Fwp%2Fv2%2Fmedia&parent=9789"}],"wp:term":[{"taxonomy":"category","embeddable":true,"href":"https:\/\/www.os-slivnica.si\/index.php?rest_route=%2Fwp%2Fv2%2Fcategories&post=9789"},{"taxonomy":"post_tag","embeddable":true,"href":"https:\/\/www.os-slivnica.si\/index.php?rest_route=%2Fwp%2Fv2%2Ftags&post=9789"}],"curies":[{"name":"wp","href":"https:\/\/api.w.org\/{rel}","templated":true}]}}