{"id":9763,"date":"2019-09-01T11:45:33","date_gmt":"2019-09-01T09:45:33","guid":{"rendered":"http:\/\/slivnica.splet.arnes.si\/?p=9763"},"modified":"2019-09-01T11:55:13","modified_gmt":"2019-09-01T09:55:13","slug":"zupanov-nagovor-ob-zacetku-solskega-leta","status":"publish","type":"post","link":"https:\/\/www.os-slivnica.si\/?p=9763","title":{"rendered":"\u017dupanov nagovor ob za\u010detku \u0161olskega leta"},"content":{"rendered":"<p>Ob za\u010detku \u0161olskega leta je \u017eupan ob\u010dine \u0160entjur mag. Marko Diaci nagovoril u\u010dence in u\u010ditelje. Nagovor si lahko ogledate na\u00a0 povezavi <a href=\"https:\/\/www.youtube.com\/watch?v=OQVHlff1Wdk&amp;feature=youtu.be\" target=\"_blank\">tukaj.<\/a><\/p>\n<p>&nbsp;<\/p>\n<div id=\"u_0_o\" class=\"_li\">\n<div id=\"globalContainer\" class=\"uiContextualLayerParent\">\n<div id=\"content\" class=\"fb_content clearfix \">\n<div>\n<div>\n<div class=\"clearfix\">\n<div class=\"_1qkq _1ql0\">\n<div id=\"content_container\">\n<div>\n<div class=\"clearfix\">\n<div id=\"js_b\" class=\"_2pie _14i5 _1qkq _1qkx\">\n<div id=\"pagelet_timeline_main_column\">\n<div id=\"PagesProfileHomePrimaryColumnPagelet\">\n<div>\n<div id=\"u_0_2s\">\n<div class=\"_1xnd\">\n<div>\n<div id=\"u_1v_0\" class=\"_4-u2 mbm _4mrt _5jmm _5pat _5v3q _7cqq _4-u8\">\n<div id=\"u_1v_1\" class=\"_3ccb\">\n<div class=\"_5pcr userContentWrapper\">\n<div class=\"_1dwg _1w_m _q7o\">\n<div>\n<div class=\"_3x-2\">\n<div>\n<div class=\"mtm\">\n<div id=\"u_1v_2\" class=\"_6m2 _1zpr clearfix _dcs _4_w4 _59ap _2bf7 _64lx _3eqz _20pq _3eqw _2rk1 _1-9r\">\n<div class=\"clearfix _2r3x\">\n<div class=\"lfloat _ohe\">\n<div class=\"_6ks\">\n<div class=\"_6l- __c_\">\n<div class=\"uiScaledImageContainer _6m5 fbStoryAttachmentImage\"><img loading=\"lazy\" decoding=\"async\" class=\"scaledImageFitWidth img\" src=\"https:\/\/external-frx5-1.xx.fbcdn.net\/safe_image.php?d=AQBMlC2OZ8OorgNA&amp;w=540&amp;h=282&amp;url=https%3A%2F%2Fi.ytimg.com%2Fvi%2FOQVHlff1Wdk%2Fmaxresdefault.jpg&amp;cfs=1&amp;upscale=1&amp;fallback=news_d_placeholder_publisher&amp;_nc_hash=AQCrn4kSziJYNGTN\" alt=\"\" width=\"500\" height=\"262\" \/><\/div>\n<\/div>\n<\/div>\n<\/div>\n<\/div>\n<\/div>\n<\/div>\n<\/div>\n<\/div>\n<\/div>\n<\/div>\n<\/div>\n<\/div>\n<\/div>\n<\/div>\n<\/div>\n<\/div>\n<\/div>\n<\/div>\n<\/div>\n<\/div>\n<\/div>\n<\/div>\n<\/div>\n<\/div>\n<\/div>\n<\/div>\n<\/div>\n<\/div>\n<\/div>\n<\/div>\n","protected":false},"excerpt":{"rendered":"<p>Ob za\u010detku \u0161olskega leta je \u017eupan ob\u010dine \u0160entjur mag. Marko Diaci nagovoril u\u010dence in u\u010ditelje. Nagovor si lahko ogledate na\u00a0 povezavi tukaj. &nbsp;<\/p>\n","protected":false},"author":5705,"featured_media":0,"comment_status":"closed","ping_status":"closed","sticky":false,"template":"","format":"standard","meta":{"_et_pb_use_builder":"","_et_pb_old_content":"","_et_gb_content_width":"","ngg_post_thumbnail":0,"footnotes":"","_expiration-date-status":"","_expiration-date":0,"_expiration-date-type":"","_expiration-date-categories":[],"_expiration-date-options":[]},"categories":[9],"tags":[],"class_list":["post-9763","post","type-post","status-publish","format-standard","hentry","category-aktualno","et-doesnt-have-format-content","et_post_format-et-post-format-standard"],"_links":{"self":[{"href":"https:\/\/www.os-slivnica.si\/index.php?rest_route=\/wp\/v2\/posts\/9763","targetHints":{"allow":["GET"]}}],"collection":[{"href":"https:\/\/www.os-slivnica.si\/index.php?rest_route=\/wp\/v2\/posts"}],"about":[{"href":"https:\/\/www.os-slivnica.si\/index.php?rest_route=\/wp\/v2\/types\/post"}],"author":[{"embeddable":true,"href":"https:\/\/www.os-slivnica.si\/index.php?rest_route=\/wp\/v2\/users\/5705"}],"replies":[{"embeddable":true,"href":"https:\/\/www.os-slivnica.si\/index.php?rest_route=%2Fwp%2Fv2%2Fcomments&post=9763"}],"version-history":[{"count":4,"href":"https:\/\/www.os-slivnica.si\/index.php?rest_route=\/wp\/v2\/posts\/9763\/revisions"}],"predecessor-version":[{"id":9771,"href":"https:\/\/www.os-slivnica.si\/index.php?rest_route=\/wp\/v2\/posts\/9763\/revisions\/9771"}],"wp:attachment":[{"href":"https:\/\/www.os-slivnica.si\/index.php?rest_route=%2Fwp%2Fv2%2Fmedia&parent=9763"}],"wp:term":[{"taxonomy":"category","embeddable":true,"href":"https:\/\/www.os-slivnica.si\/index.php?rest_route=%2Fwp%2Fv2%2Fcategories&post=9763"},{"taxonomy":"post_tag","embeddable":true,"href":"https:\/\/www.os-slivnica.si\/index.php?rest_route=%2Fwp%2Fv2%2Ftags&post=9763"}],"curies":[{"name":"wp","href":"https:\/\/api.w.org\/{rel}","templated":true}]}}