{"id":9741,"date":"2019-08-28T17:35:29","date_gmt":"2019-08-28T15:35:29","guid":{"rendered":"http:\/\/slivnica.splet.arnes.si\/?p=9741"},"modified":"2019-08-28T17:35:29","modified_gmt":"2019-08-28T15:35:29","slug":"prvi-solski-dan-v-loki-2","status":"publish","type":"post","link":"https:\/\/www.os-slivnica.si\/?p=9741","title":{"rendered":"Prvi \u0161olski dan v Loki"},"content":{"rendered":"<p>Spo\u0161tovani star\u0161i in u\u010denci!<\/p>\n<p>Po\u010ditnice se kon\u010dujejo in spet bo zazvonil \u0161olski zvonec.<\/p>\n<p><strong>Pouk<\/strong>\u00a0v na\u0161i podru\u017enici se bo pri\u010del<strong>\u00a02. septembra<\/strong>\u00a0ob <strong>8. uri. P<\/strong><strong>rvo\u0161ol\u010dki <\/strong>so v \u0161olo vabljeni\u00a0ob<strong>\u00a0<\/strong><strong>10.30<\/strong>. Pouk se bo kon\u010dal ob 11. uri, takrat bo tudi kosilo. Odhod \u0161olskega avtobusa je na\u010drtovan ob 11.30 iz Loke.Ta dan nas bo ob 12.15 obiskal tudi \u017eupan, g. Marko Diaci.<\/p>\n<p>Podalj\u0161ano bivanje poteka kot obi\u010dajno.<\/p>\n<p>Veselimo se \u017ee novih \u0161olskih dogodiv\u0161\u010din, ali tudi vi?<\/p>\n<p>&nbsp;<\/p>\n<p>&nbsp;<\/p>\n","protected":false},"excerpt":{"rendered":"<p>Spo\u0161tovani star\u0161i in u\u010denci! Po\u010ditnice se kon\u010dujejo in spet bo zazvonil \u0161olski zvonec. Pouk\u00a0v na\u0161i podru\u017enici se bo pri\u010del\u00a02. septembra\u00a0ob 8. uri. Prvo\u0161ol\u010dki so v \u0161olo vabljeni\u00a0ob\u00a010.30. Pouk se bo kon\u010dal ob 11. uri, takrat bo tudi kosilo. Odhod \u0161olskega avtobusa je na\u010drtovan ob 11.30 iz Loke.Ta dan nas bo ob 12.15 obiskal tudi \u017eupan, [&hellip;]<\/p>\n","protected":false},"author":5997,"featured_media":0,"comment_status":"closed","ping_status":"closed","sticky":false,"template":"","format":"standard","meta":{"_et_pb_use_builder":"","_et_pb_old_content":"","_et_gb_content_width":"","ngg_post_thumbnail":0,"footnotes":"","_expiration-date-status":"","_expiration-date":0,"_expiration-date-type":"","_expiration-date-categories":[],"_expiration-date-options":[]},"categories":[9,10],"tags":[],"class_list":["post-9741","post","type-post","status-publish","format-standard","hentry","category-aktualno","category-ps-loka","et-doesnt-have-format-content","et_post_format-et-post-format-standard"],"_links":{"self":[{"href":"https:\/\/www.os-slivnica.si\/index.php?rest_route=\/wp\/v2\/posts\/9741","targetHints":{"allow":["GET"]}}],"collection":[{"href":"https:\/\/www.os-slivnica.si\/index.php?rest_route=\/wp\/v2\/posts"}],"about":[{"href":"https:\/\/www.os-slivnica.si\/index.php?rest_route=\/wp\/v2\/types\/post"}],"author":[{"embeddable":true,"href":"https:\/\/www.os-slivnica.si\/index.php?rest_route=\/wp\/v2\/users\/5997"}],"replies":[{"embeddable":true,"href":"https:\/\/www.os-slivnica.si\/index.php?rest_route=%2Fwp%2Fv2%2Fcomments&post=9741"}],"version-history":[{"count":1,"href":"https:\/\/www.os-slivnica.si\/index.php?rest_route=\/wp\/v2\/posts\/9741\/revisions"}],"predecessor-version":[{"id":9743,"href":"https:\/\/www.os-slivnica.si\/index.php?rest_route=\/wp\/v2\/posts\/9741\/revisions\/9743"}],"wp:attachment":[{"href":"https:\/\/www.os-slivnica.si\/index.php?rest_route=%2Fwp%2Fv2%2Fmedia&parent=9741"}],"wp:term":[{"taxonomy":"category","embeddable":true,"href":"https:\/\/www.os-slivnica.si\/index.php?rest_route=%2Fwp%2Fv2%2Fcategories&post=9741"},{"taxonomy":"post_tag","embeddable":true,"href":"https:\/\/www.os-slivnica.si\/index.php?rest_route=%2Fwp%2Fv2%2Ftags&post=9741"}],"curies":[{"name":"wp","href":"https:\/\/api.w.org\/{rel}","templated":true}]}}