{"id":9725,"date":"2019-08-28T11:05:18","date_gmt":"2019-08-28T09:05:18","guid":{"rendered":"http:\/\/slivnica.splet.arnes.si\/?p=9725"},"modified":"2019-08-28T11:05:18","modified_gmt":"2019-08-28T09:05:18","slug":"prvi-solski-dan-na-prevorju-3","status":"publish","type":"post","link":"https:\/\/www.os-slivnica.si\/?p=9725","title":{"rendered":"Prvi \u0161olski dan na Prevorju"},"content":{"rendered":"<p>Spo\u0161tovani star\u0161i!<\/p>\n<p><strong>Pouk<\/strong> na P\u0160 Prevorje, se bo pri\u010del<strong> 2. septembra<\/strong> ob <strong>10.uri<\/strong>, za <strong>prvo\u0161olce<\/strong> pa <strong>ob 11. uri<\/strong>. \u017dupan, <strong>g. Marko Diaci,<\/strong> nas bo obiskal ob<strong> 13. uri<\/strong>. <strong>Prevozi<\/strong> se za\u010dnejo <strong>ob 9.30 iz Krivice<\/strong> in ob <strong>9.40 iz Ko\u0161nice<\/strong>. Po kon\u010danem obisku \u017eupana bodo razvozi u\u010dencev. Vsi u\u010denci lahko gredo domov.<\/p>\n<p>\u017delimo vam prijeten zaklju\u010dek po\u010ditnic!<\/p>\n","protected":false},"excerpt":{"rendered":"<p>Spo\u0161tovani star\u0161i! Pouk na P\u0160 Prevorje, se bo pri\u010del 2. septembra ob 10.uri, za prvo\u0161olce pa ob 11. uri. \u017dupan, g. Marko Diaci, nas bo obiskal ob 13. uri. Prevozi se za\u010dnejo ob 9.30 iz Krivice in ob 9.40 iz Ko\u0161nice. Po kon\u010danem obisku \u017eupana bodo razvozi u\u010dencev. Vsi u\u010denci lahko gredo domov. \u017delimo vam [&hellip;]<\/p>\n","protected":false},"author":6009,"featured_media":0,"comment_status":"closed","ping_status":"closed","sticky":false,"template":"","format":"standard","meta":{"_et_pb_use_builder":"","_et_pb_old_content":"","_et_gb_content_width":"","ngg_post_thumbnail":0,"footnotes":"","_expiration-date-status":"","_expiration-date":0,"_expiration-date-type":"","_expiration-date-categories":[],"_expiration-date-options":[]},"categories":[9,11],"tags":[],"class_list":["post-9725","post","type-post","status-publish","format-standard","hentry","category-aktualno","category-ps-prevorje","et-doesnt-have-format-content","et_post_format-et-post-format-standard"],"_links":{"self":[{"href":"https:\/\/www.os-slivnica.si\/index.php?rest_route=\/wp\/v2\/posts\/9725","targetHints":{"allow":["GET"]}}],"collection":[{"href":"https:\/\/www.os-slivnica.si\/index.php?rest_route=\/wp\/v2\/posts"}],"about":[{"href":"https:\/\/www.os-slivnica.si\/index.php?rest_route=\/wp\/v2\/types\/post"}],"author":[{"embeddable":true,"href":"https:\/\/www.os-slivnica.si\/index.php?rest_route=\/wp\/v2\/users\/6009"}],"replies":[{"embeddable":true,"href":"https:\/\/www.os-slivnica.si\/index.php?rest_route=%2Fwp%2Fv2%2Fcomments&post=9725"}],"version-history":[{"count":1,"href":"https:\/\/www.os-slivnica.si\/index.php?rest_route=\/wp\/v2\/posts\/9725\/revisions"}],"predecessor-version":[{"id":9727,"href":"https:\/\/www.os-slivnica.si\/index.php?rest_route=\/wp\/v2\/posts\/9725\/revisions\/9727"}],"wp:attachment":[{"href":"https:\/\/www.os-slivnica.si\/index.php?rest_route=%2Fwp%2Fv2%2Fmedia&parent=9725"}],"wp:term":[{"taxonomy":"category","embeddable":true,"href":"https:\/\/www.os-slivnica.si\/index.php?rest_route=%2Fwp%2Fv2%2Fcategories&post=9725"},{"taxonomy":"post_tag","embeddable":true,"href":"https:\/\/www.os-slivnica.si\/index.php?rest_route=%2Fwp%2Fv2%2Ftags&post=9725"}],"curies":[{"name":"wp","href":"https:\/\/api.w.org\/{rel}","templated":true}]}}