{"id":9719,"date":"2019-08-27T13:27:09","date_gmt":"2019-08-27T11:27:09","guid":{"rendered":"http:\/\/slivnica.splet.arnes.si\/?p=9719"},"modified":"2019-09-01T11:26:02","modified_gmt":"2019-09-01T09:26:02","slug":"zacetek-solskega-leta-2","status":"publish","type":"post","link":"https:\/\/www.os-slivnica.si\/?p=9719","title":{"rendered":"Za\u010detek \u0161olskega leta"},"content":{"rendered":"<p>Spo\u0161tovani star\u0161i in u\u010denci!<\/p>\n<p>V ponedeljek, 2. 9. 2019, za\u010denjamo s poukom. V Gorici se bo pouk pri\u010del <strong>za vse u\u010dence,<\/strong> razen za u\u010dence<strong> 1. razreda,<\/strong> ob 8. uri.<\/p>\n<p>U\u010denci 6. razreda po\u010dakajo v garderobi predmetne stopnje, kjer jih bosta razredni\u010darki obvestili, v katerem oddelku so.<\/p>\n<p>S poukom bodo zaklju\u010dili:<\/p>\n<ul>\n<li>u\u010denci od 2. do 5. razreda ob 10.45, takrat bo tudi odhod avtobusa (1. vo\u017enja),<\/li>\n<li>u\u010denci od 6. do 9. razreda ob 11.15, ko bo odhod avtobusa (2. vo\u017enja).<\/li>\n<\/ul>\n<p>Ta dan bomo organizirali podalj\u0161ano bivanje kot obi\u010dajno.<\/p>\n<p>Za vse u\u010dence bo organizirana \u0161olska malica. Kosilo in popoldanska malica pa le za u\u010dence, ki imajo prijavljena obroka. V kolikor ta dan va\u0161 otrok ne bo jedel, je potrebno obroke odjaviti.<\/p>\n<p>Prvo\u0161olci so povabljeni v \u0161olo z vabilom, pri\u010dakujemo jih ob <strong>9.30<\/strong> uri.<br \/>\nOb 11.20 jih bo obiskal tudi \u017eupan mag. Marko Diaci.<\/p>\n<p>Ravnateljica<\/p>\n","protected":false},"excerpt":{"rendered":"<p>Spo\u0161tovani star\u0161i in u\u010denci! V ponedeljek, 2. 9. 2019, za\u010denjamo s poukom. V Gorici se bo pouk pri\u010del za vse u\u010dence, razen za u\u010dence 1. razreda, ob 8. uri. U\u010denci 6. razreda po\u010dakajo v garderobi predmetne stopnje, kjer jih bosta razredni\u010darki obvestili, v katerem oddelku so. S poukom bodo zaklju\u010dili: u\u010denci od 2. do 5. [&hellip;]<\/p>\n","protected":false},"author":5705,"featured_media":0,"comment_status":"closed","ping_status":"closed","sticky":false,"template":"","format":"standard","meta":{"_et_pb_use_builder":"","_et_pb_old_content":"","_et_gb_content_width":"","ngg_post_thumbnail":0,"footnotes":"","_expiration-date-status":"","_expiration-date":0,"_expiration-date-type":"","_expiration-date-categories":[],"_expiration-date-options":[]},"categories":[9],"tags":[],"class_list":["post-9719","post","type-post","status-publish","format-standard","hentry","category-aktualno","et-doesnt-have-format-content","et_post_format-et-post-format-standard"],"_links":{"self":[{"href":"https:\/\/www.os-slivnica.si\/index.php?rest_route=\/wp\/v2\/posts\/9719","targetHints":{"allow":["GET"]}}],"collection":[{"href":"https:\/\/www.os-slivnica.si\/index.php?rest_route=\/wp\/v2\/posts"}],"about":[{"href":"https:\/\/www.os-slivnica.si\/index.php?rest_route=\/wp\/v2\/types\/post"}],"author":[{"embeddable":true,"href":"https:\/\/www.os-slivnica.si\/index.php?rest_route=\/wp\/v2\/users\/5705"}],"replies":[{"embeddable":true,"href":"https:\/\/www.os-slivnica.si\/index.php?rest_route=%2Fwp%2Fv2%2Fcomments&post=9719"}],"version-history":[{"count":10,"href":"https:\/\/www.os-slivnica.si\/index.php?rest_route=\/wp\/v2\/posts\/9719\/revisions"}],"predecessor-version":[{"id":9761,"href":"https:\/\/www.os-slivnica.si\/index.php?rest_route=\/wp\/v2\/posts\/9719\/revisions\/9761"}],"wp:attachment":[{"href":"https:\/\/www.os-slivnica.si\/index.php?rest_route=%2Fwp%2Fv2%2Fmedia&parent=9719"}],"wp:term":[{"taxonomy":"category","embeddable":true,"href":"https:\/\/www.os-slivnica.si\/index.php?rest_route=%2Fwp%2Fv2%2Fcategories&post=9719"},{"taxonomy":"post_tag","embeddable":true,"href":"https:\/\/www.os-slivnica.si\/index.php?rest_route=%2Fwp%2Fv2%2Ftags&post=9719"}],"curies":[{"name":"wp","href":"https:\/\/api.w.org\/{rel}","templated":true}]}}