{"id":9647,"date":"2019-06-26T20:37:34","date_gmt":"2019-06-26T18:37:34","guid":{"rendered":"http:\/\/slivnica.splet.arnes.si\/?p=9647"},"modified":"2019-06-26T21:09:41","modified_gmt":"2019-06-26T19:09:41","slug":"v-loki-proslava-in-zakljucek-solskega-leta","status":"publish","type":"post","link":"https:\/\/www.os-slivnica.si\/?p=9647","title":{"rendered":"V LOKI PROSLAVA IN ZAKLJU\u010cEK \u0160OLSKEGA LETA"},"content":{"rendered":"<p>V PONEDELJEK, 24.6. 2019, JE TUDI V P\u0160 LOKA POTEKALA PROSLAVA OB DNEVU DR\u017dAVNOSTI IN PRIREDITEV OB ZAKLJU\u010cKU \u0160OLSKEGA LETA. S PESMIJO, BESEDO IN PLESOM SMO ZAKLJU\u010cILI \u0160E ENO USPE\u0160NO ZGODBO IN SE PODALI ZASLU\u017dENIM PO\u010cITNICAM NAPROTI. HURA!!!<\/p>\n<p>&nbsp;<\/p>\nngg_shortcode_0_placeholder\n","protected":false},"excerpt":{"rendered":"<p>V PONEDELJEK, 24.6. 2019, JE TUDI V P\u0160 LOKA POTEKALA PROSLAVA OB DNEVU DR\u017dAVNOSTI IN PRIREDITEV OB ZAKLJU\u010cKU \u0160OLSKEGA LETA. S PESMIJO, BESEDO IN PLESOM SMO ZAKLJU\u010cILI \u0160E ENO USPE\u0160NO ZGODBO IN SE PODALI ZASLU\u017dENIM PO\u010cITNICAM NAPROTI. HURA!!! &nbsp;<\/p>\n","protected":false},"author":6597,"featured_media":0,"comment_status":"closed","ping_status":"closed","sticky":false,"template":"","format":"standard","meta":{"_et_pb_use_builder":"","_et_pb_old_content":"","_et_gb_content_width":"","ngg_post_thumbnail":0,"footnotes":"","_expiration-date-status":"","_expiration-date":0,"_expiration-date-type":"","_expiration-date-categories":[],"_expiration-date-options":[]},"categories":[9,10],"tags":[],"class_list":["post-9647","post","type-post","status-publish","format-standard","hentry","category-aktualno","category-ps-loka","et-doesnt-have-format-content","et_post_format-et-post-format-standard"],"_links":{"self":[{"href":"https:\/\/www.os-slivnica.si\/index.php?rest_route=\/wp\/v2\/posts\/9647","targetHints":{"allow":["GET"]}}],"collection":[{"href":"https:\/\/www.os-slivnica.si\/index.php?rest_route=\/wp\/v2\/posts"}],"about":[{"href":"https:\/\/www.os-slivnica.si\/index.php?rest_route=\/wp\/v2\/types\/post"}],"author":[{"embeddable":true,"href":"https:\/\/www.os-slivnica.si\/index.php?rest_route=\/wp\/v2\/users\/6597"}],"replies":[{"embeddable":true,"href":"https:\/\/www.os-slivnica.si\/index.php?rest_route=%2Fwp%2Fv2%2Fcomments&post=9647"}],"version-history":[{"count":2,"href":"https:\/\/www.os-slivnica.si\/index.php?rest_route=\/wp\/v2\/posts\/9647\/revisions"}],"predecessor-version":[{"id":9663,"href":"https:\/\/www.os-slivnica.si\/index.php?rest_route=\/wp\/v2\/posts\/9647\/revisions\/9663"}],"wp:attachment":[{"href":"https:\/\/www.os-slivnica.si\/index.php?rest_route=%2Fwp%2Fv2%2Fmedia&parent=9647"}],"wp:term":[{"taxonomy":"category","embeddable":true,"href":"https:\/\/www.os-slivnica.si\/index.php?rest_route=%2Fwp%2Fv2%2Fcategories&post=9647"},{"taxonomy":"post_tag","embeddable":true,"href":"https:\/\/www.os-slivnica.si\/index.php?rest_route=%2Fwp%2Fv2%2Ftags&post=9647"}],"curies":[{"name":"wp","href":"https:\/\/api.w.org\/{rel}","templated":true}]}}