{"id":9639,"date":"2019-06-26T12:46:44","date_gmt":"2019-06-26T10:46:44","guid":{"rendered":"http:\/\/slivnica.splet.arnes.si\/?p=9639"},"modified":"2019-06-26T12:49:40","modified_gmt":"2019-06-26T10:49:40","slug":"zakljucna-prireditev-in-obelezba-drzavnega-praznika-na-prevorju","status":"publish","type":"post","link":"https:\/\/www.os-slivnica.si\/?p=9639","title":{"rendered":"Zaklju\u010dna prireditev in obele\u017eba dr\u017eavnega praznika na Prevorju"},"content":{"rendered":"<p>Tokrat so nas peto\u0161olci z letalom popeljali na <strong>Potovanje okoli sveta<\/strong>. Ustavili smo se v razli\u010dnih dr\u017eavah in spremljali njihove dogodiv\u0161\u010dine, pri katerih so se jim pridru\u017eili vsi u\u010denci na\u0161e \u0161ole. A na koncu so ugotovili: <em><strong>Povsod je lepo, a doma je najlep\u0161e<\/strong>!<\/em><\/p>\n<p>Domov so prispeli ravno 25. 6., ko v Sloveniji praznujemo <strong>Dan dr\u017eavnosti<\/strong>, zato so od\u0161li \u0161e na proslavo ob dr\u017eavnem prazniku. Skupaj s star\u0161i, starimi star\u0161i, brati, sestrami, tetami&#8230; smo se spomnili<strong> leta 1991 in takratnih dogodkov,<\/strong> zapeli <strong>Himno<\/strong> ter prekrasno pesem Ansambla Avsenik: <strong>Slovenija od kod lepote tvoje.<\/strong><\/p>\n<p>Na koncu so se otroci s pesmijo poslovili od peto\u0161olcev in jim za\u017eeleli vse dobro v Gorici.<\/p>\n<p>Kot se spodobi, je sledila <strong>podelitev spri\u010deval, priznanj in pohval.<\/strong>\u00a0Vodja \u0161ole <em>Marija Frece Perc<\/em> je podelila tudi\u00a0<strong>zahvale<\/strong>\u00a0gostom, ki so nam to \u0161olsko leto stali ob strani.<\/p>\nngg_shortcode_0_placeholder\n","protected":false},"excerpt":{"rendered":"<p>Tokrat so nas peto\u0161olci z letalom popeljali na Potovanje okoli sveta. Ustavili smo se v razli\u010dnih dr\u017eavah in spremljali njihove dogodiv\u0161\u010dine, pri katerih so se jim pridru\u017eili vsi u\u010denci na\u0161e \u0161ole. A na koncu so ugotovili: Povsod je lepo, a doma je najlep\u0161e! Domov so prispeli ravno 25. 6., ko v Sloveniji praznujemo Dan dr\u017eavnosti, [&hellip;]<\/p>\n","protected":false},"author":7958,"featured_media":0,"comment_status":"closed","ping_status":"closed","sticky":false,"template":"","format":"standard","meta":{"_et_pb_use_builder":"","_et_pb_old_content":"","_et_gb_content_width":"","ngg_post_thumbnail":0,"footnotes":"","_expiration-date-status":"","_expiration-date":0,"_expiration-date-type":"","_expiration-date-categories":[],"_expiration-date-options":[]},"categories":[9,11],"tags":[],"class_list":["post-9639","post","type-post","status-publish","format-standard","hentry","category-aktualno","category-ps-prevorje","et-doesnt-have-format-content","et_post_format-et-post-format-standard"],"_links":{"self":[{"href":"https:\/\/www.os-slivnica.si\/index.php?rest_route=\/wp\/v2\/posts\/9639","targetHints":{"allow":["GET"]}}],"collection":[{"href":"https:\/\/www.os-slivnica.si\/index.php?rest_route=\/wp\/v2\/posts"}],"about":[{"href":"https:\/\/www.os-slivnica.si\/index.php?rest_route=\/wp\/v2\/types\/post"}],"author":[{"embeddable":true,"href":"https:\/\/www.os-slivnica.si\/index.php?rest_route=\/wp\/v2\/users\/7958"}],"replies":[{"embeddable":true,"href":"https:\/\/www.os-slivnica.si\/index.php?rest_route=%2Fwp%2Fv2%2Fcomments&post=9639"}],"version-history":[{"count":2,"href":"https:\/\/www.os-slivnica.si\/index.php?rest_route=\/wp\/v2\/posts\/9639\/revisions"}],"predecessor-version":[{"id":9643,"href":"https:\/\/www.os-slivnica.si\/index.php?rest_route=\/wp\/v2\/posts\/9639\/revisions\/9643"}],"wp:attachment":[{"href":"https:\/\/www.os-slivnica.si\/index.php?rest_route=%2Fwp%2Fv2%2Fmedia&parent=9639"}],"wp:term":[{"taxonomy":"category","embeddable":true,"href":"https:\/\/www.os-slivnica.si\/index.php?rest_route=%2Fwp%2Fv2%2Fcategories&post=9639"},{"taxonomy":"post_tag","embeddable":true,"href":"https:\/\/www.os-slivnica.si\/index.php?rest_route=%2Fwp%2Fv2%2Ftags&post=9639"}],"curies":[{"name":"wp","href":"https:\/\/api.w.org\/{rel}","templated":true}]}}