{"id":9625,"date":"2019-06-24T12:24:15","date_gmt":"2019-06-24T10:24:15","guid":{"rendered":"http:\/\/slivnica.splet.arnes.si\/?p=9625"},"modified":"2019-06-24T12:24:15","modified_gmt":"2019-06-24T10:24:15","slug":"dan-drzavnosti-in-juhuhu-pocitnice","status":"publish","type":"post","link":"https:\/\/www.os-slivnica.si\/?p=9625","title":{"rendered":"Dan dr\u017eavnosti in juhuhu po\u010ditnice"},"content":{"rendered":"<p>&#8220;V objemu poletja se je rodila dr\u017eava, \u010disto na\u0161a in \u010disto prava.&#8221;<\/p>\n<p>S temi besedami smo se danes poslovili od \u0161e enega, uspe\u0161no zaklju\u010denega \u0161olskega leta. Spomnili smo se na dogodke izpred 28. let in ob\u010dudovali lepote Slovenije.\u00a0Ker so nam misli vseskozi uhajale k po\u010ditnicam, smo program preusmerili v veselje in otro\u0161ko razigranost. Ob zaklju\u010dku nas je z dobrimi \u017eeljami in mislimi nagovorila tudi gospa ravnateljica.\u00a0V upanju, da da njene besede postanejo resni\u010dnost smo pomahali \u0161oli v slovo vse do septembra.<\/p>\n<p>In kaj sledi&#8230;&#8230;.JUHUUUU PO\u010cITNICE!<\/p>\n<p>&nbsp;<\/p>\nngg_shortcode_0_placeholder\n","protected":false},"excerpt":{"rendered":"<p>&#8220;V objemu poletja se je rodila dr\u017eava, \u010disto na\u0161a in \u010disto prava.&#8221; S temi besedami smo se danes poslovili od \u0161e enega, uspe\u0161no zaklju\u010denega \u0161olskega leta. Spomnili smo se na dogodke izpred 28. let in ob\u010dudovali lepote Slovenije.\u00a0Ker so nam misli vseskozi uhajale k po\u010ditnicam, smo program preusmerili v veselje in otro\u0161ko razigranost. Ob zaklju\u010dku [&hellip;]<\/p>\n","protected":false},"author":25171,"featured_media":0,"comment_status":"closed","ping_status":"closed","sticky":false,"template":"","format":"standard","meta":{"_et_pb_use_builder":"","_et_pb_old_content":"","_et_gb_content_width":"","ngg_post_thumbnail":0,"footnotes":"","_expiration-date-status":"","_expiration-date":0,"_expiration-date-type":"","_expiration-date-categories":[],"_expiration-date-options":[]},"categories":[9],"tags":[],"class_list":["post-9625","post","type-post","status-publish","format-standard","hentry","category-aktualno","et-doesnt-have-format-content","et_post_format-et-post-format-standard"],"_links":{"self":[{"href":"https:\/\/www.os-slivnica.si\/index.php?rest_route=\/wp\/v2\/posts\/9625","targetHints":{"allow":["GET"]}}],"collection":[{"href":"https:\/\/www.os-slivnica.si\/index.php?rest_route=\/wp\/v2\/posts"}],"about":[{"href":"https:\/\/www.os-slivnica.si\/index.php?rest_route=\/wp\/v2\/types\/post"}],"author":[{"embeddable":true,"href":"https:\/\/www.os-slivnica.si\/index.php?rest_route=\/wp\/v2\/users\/25171"}],"replies":[{"embeddable":true,"href":"https:\/\/www.os-slivnica.si\/index.php?rest_route=%2Fwp%2Fv2%2Fcomments&post=9625"}],"version-history":[{"count":2,"href":"https:\/\/www.os-slivnica.si\/index.php?rest_route=\/wp\/v2\/posts\/9625\/revisions"}],"predecessor-version":[{"id":9629,"href":"https:\/\/www.os-slivnica.si\/index.php?rest_route=\/wp\/v2\/posts\/9625\/revisions\/9629"}],"wp:attachment":[{"href":"https:\/\/www.os-slivnica.si\/index.php?rest_route=%2Fwp%2Fv2%2Fmedia&parent=9625"}],"wp:term":[{"taxonomy":"category","embeddable":true,"href":"https:\/\/www.os-slivnica.si\/index.php?rest_route=%2Fwp%2Fv2%2Fcategories&post=9625"},{"taxonomy":"post_tag","embeddable":true,"href":"https:\/\/www.os-slivnica.si\/index.php?rest_route=%2Fwp%2Fv2%2Ftags&post=9625"}],"curies":[{"name":"wp","href":"https:\/\/api.w.org\/{rel}","templated":true}]}}