{"id":9619,"date":"2019-06-23T22:06:46","date_gmt":"2019-06-23T20:06:46","guid":{"rendered":"http:\/\/slivnica.splet.arnes.si\/?p=9619"},"modified":"2019-06-23T22:06:46","modified_gmt":"2019-06-23T20:06:46","slug":"zadnji-dan-pouka","status":"publish","type":"post","link":"https:\/\/www.os-slivnica.si\/?p=9619","title":{"rendered":"Zadnji dan pouka"},"content":{"rendered":"<p>Spo\u0161tovani u\u010denci in star\u0161i!<\/p>\n<p>V ponedeljek, 24. 6. 2019, je zadnji dan pouka v tem \u0161olskem letu. Na ta dan bo nekoliko spremenjen potek delovnega dne. S poukom bomo v Gorici zaklju\u010dili:<\/p>\n<p>u\u010denci 1. do 5. razreda ob 10.45, takrat bo tudi odhod avtobusov ( I. vo\u017enja)<\/p>\n<p>u\u010denci od 6. do 8. razreda ob 11.15, takrat bo odhod avtobusov ( II. vo\u017enja).<\/p>\n<p>Pred odhodom avtobusa bodo imeli u\u010denci dovolj \u010dasa za kosilo.<\/p>\n<p>Ta dan bo podalj\u0161ano bivanje organizirano kot obi\u010dajno.<\/p>\n<p>U\u010denci, ki ta dan ne bodo v \u0161oli, lahko spri\u010devala dobijo v tajni\u0161tvu \u0161ole.<\/p>\n<p>Vsem u\u010dencem in star\u0161em \u017eelim prijetne po\u010ditnice. Ravnateljica Marjeta Ko\u0161ak<\/p>\n","protected":false},"excerpt":{"rendered":"<p>Spo\u0161tovani u\u010denci in star\u0161i! V ponedeljek, 24. 6. 2019, je zadnji dan pouka v tem \u0161olskem letu. Na ta dan bo nekoliko spremenjen potek delovnega dne. S poukom bomo v Gorici zaklju\u010dili: u\u010denci 1. do 5. razreda ob 10.45, takrat bo tudi odhod avtobusov ( I. vo\u017enja) u\u010denci od 6. do 8. razreda ob 11.15, [&hellip;]<\/p>\n","protected":false},"author":5705,"featured_media":0,"comment_status":"closed","ping_status":"closed","sticky":false,"template":"","format":"standard","meta":{"_et_pb_use_builder":"","_et_pb_old_content":"","_et_gb_content_width":"","ngg_post_thumbnail":0,"footnotes":"","_expiration-date-status":"","_expiration-date":0,"_expiration-date-type":"","_expiration-date-categories":[],"_expiration-date-options":[]},"categories":[9],"tags":[],"class_list":["post-9619","post","type-post","status-publish","format-standard","hentry","category-aktualno","et-doesnt-have-format-content","et_post_format-et-post-format-standard"],"_links":{"self":[{"href":"https:\/\/www.os-slivnica.si\/index.php?rest_route=\/wp\/v2\/posts\/9619","targetHints":{"allow":["GET"]}}],"collection":[{"href":"https:\/\/www.os-slivnica.si\/index.php?rest_route=\/wp\/v2\/posts"}],"about":[{"href":"https:\/\/www.os-slivnica.si\/index.php?rest_route=\/wp\/v2\/types\/post"}],"author":[{"embeddable":true,"href":"https:\/\/www.os-slivnica.si\/index.php?rest_route=\/wp\/v2\/users\/5705"}],"replies":[{"embeddable":true,"href":"https:\/\/www.os-slivnica.si\/index.php?rest_route=%2Fwp%2Fv2%2Fcomments&post=9619"}],"version-history":[{"count":1,"href":"https:\/\/www.os-slivnica.si\/index.php?rest_route=\/wp\/v2\/posts\/9619\/revisions"}],"predecessor-version":[{"id":9621,"href":"https:\/\/www.os-slivnica.si\/index.php?rest_route=\/wp\/v2\/posts\/9619\/revisions\/9621"}],"wp:attachment":[{"href":"https:\/\/www.os-slivnica.si\/index.php?rest_route=%2Fwp%2Fv2%2Fmedia&parent=9619"}],"wp:term":[{"taxonomy":"category","embeddable":true,"href":"https:\/\/www.os-slivnica.si\/index.php?rest_route=%2Fwp%2Fv2%2Fcategories&post=9619"},{"taxonomy":"post_tag","embeddable":true,"href":"https:\/\/www.os-slivnica.si\/index.php?rest_route=%2Fwp%2Fv2%2Ftags&post=9619"}],"curies":[{"name":"wp","href":"https:\/\/api.w.org\/{rel}","templated":true}]}}