{"id":9565,"date":"2019-06-17T12:10:54","date_gmt":"2019-06-17T10:10:54","guid":{"rendered":"http:\/\/slivnica.splet.arnes.si\/?p=9565"},"modified":"2019-06-17T12:16:23","modified_gmt":"2019-06-17T10:16:23","slug":"obisk-bodocih-prvosolcev-na-prevorju-2","status":"publish","type":"post","link":"https:\/\/www.os-slivnica.si\/?p=9565","title":{"rendered":"Obisk bodo\u010dih prvo\u0161olcev na Prevorju"},"content":{"rendered":"<p><img loading=\"lazy\" decoding=\"async\" class=\"irc_mut aligncenter\" src=\"https:\/\/encrypted-tbn0.gstatic.com\/images?q=tbn:ANd9GcTBVvBSG5jZwPPQPqXHg1Sb70shQFwSqW68Si-P82QISHIUhA14\" alt=\"Povezana slika\" width=\"507\" height=\"184\" \/><\/p>\n<p>V ponedeljek, 17. junija, so u\u010dence 1. 2. in 3. razreda z obiskom razveselili bodo\u010di prvo\u0161olci. Skupaj so prepevali, rajali in se igrali. Prijetno dru\u017eenje smo zaklju\u010dili v telovadnici, kjer smo bodo\u010dim prvo\u0161olcem podelili &#8220;diplome&#8221; in jim za\u017eeleli prijetne poletne po\u010ditnice. Ajda, \u017dan, Tinkara, Nika in Viktorija pa so nam zaupali, da se \u017ee zelo veselijo vstopa v \u0161olo.<\/p>\n<p style=\"text-align: center\">ngg_shortcode_0_placeholder<\/p>\n","protected":false},"excerpt":{"rendered":"<p>V ponedeljek, 17. junija, so u\u010dence 1. 2. in 3. razreda z obiskom razveselili bodo\u010di prvo\u0161olci. Skupaj so prepevali, rajali in se igrali. Prijetno dru\u017eenje smo zaklju\u010dili v telovadnici, kjer smo bodo\u010dim prvo\u0161olcem podelili &#8220;diplome&#8221; in jim za\u017eeleli prijetne poletne po\u010ditnice. Ajda, \u017dan, Tinkara, Nika in Viktorija pa so nam zaupali, da se \u017ee zelo [&hellip;]<\/p>\n","protected":false},"author":6009,"featured_media":0,"comment_status":"closed","ping_status":"closed","sticky":false,"template":"","format":"standard","meta":{"_et_pb_use_builder":"","_et_pb_old_content":"","_et_gb_content_width":"","ngg_post_thumbnail":0,"footnotes":"","_expiration-date-status":"","_expiration-date":0,"_expiration-date-type":"","_expiration-date-categories":[],"_expiration-date-options":[]},"categories":[11],"tags":[],"class_list":["post-9565","post","type-post","status-publish","format-standard","hentry","category-ps-prevorje","et-doesnt-have-format-content","et_post_format-et-post-format-standard"],"_links":{"self":[{"href":"https:\/\/www.os-slivnica.si\/index.php?rest_route=\/wp\/v2\/posts\/9565","targetHints":{"allow":["GET"]}}],"collection":[{"href":"https:\/\/www.os-slivnica.si\/index.php?rest_route=\/wp\/v2\/posts"}],"about":[{"href":"https:\/\/www.os-slivnica.si\/index.php?rest_route=\/wp\/v2\/types\/post"}],"author":[{"embeddable":true,"href":"https:\/\/www.os-slivnica.si\/index.php?rest_route=\/wp\/v2\/users\/6009"}],"replies":[{"embeddable":true,"href":"https:\/\/www.os-slivnica.si\/index.php?rest_route=%2Fwp%2Fv2%2Fcomments&post=9565"}],"version-history":[{"count":4,"href":"https:\/\/www.os-slivnica.si\/index.php?rest_route=\/wp\/v2\/posts\/9565\/revisions"}],"predecessor-version":[{"id":9573,"href":"https:\/\/www.os-slivnica.si\/index.php?rest_route=\/wp\/v2\/posts\/9565\/revisions\/9573"}],"wp:attachment":[{"href":"https:\/\/www.os-slivnica.si\/index.php?rest_route=%2Fwp%2Fv2%2Fmedia&parent=9565"}],"wp:term":[{"taxonomy":"category","embeddable":true,"href":"https:\/\/www.os-slivnica.si\/index.php?rest_route=%2Fwp%2Fv2%2Fcategories&post=9565"},{"taxonomy":"post_tag","embeddable":true,"href":"https:\/\/www.os-slivnica.si\/index.php?rest_route=%2Fwp%2Fv2%2Ftags&post=9565"}],"curies":[{"name":"wp","href":"https:\/\/api.w.org\/{rel}","templated":true}]}}