{"id":9557,"date":"2019-06-16T20:03:55","date_gmt":"2019-06-16T18:03:55","guid":{"rendered":"http:\/\/slivnica.splet.arnes.si\/?p=9557"},"modified":"2019-06-16T20:03:55","modified_gmt":"2019-06-16T18:03:55","slug":"mladinska-izmenjava-v-neu-anspachu","status":"publish","type":"post","link":"https:\/\/www.os-slivnica.si\/?p=9557","title":{"rendered":"Mladinska izmenjava v Neu Anspachu"},"content":{"rendered":"<p>Od 26. 5. 2019 do 2. 6. 2019 je v Neu Anspachu potekala mladinska izmenjava, ki se je je udele\u017eilo deset u\u010dencev O\u0160 Slivnica pri Celju.<\/p>\n<p>V nedeljo, 26. 5. 2019, smo se ob \u0161esti uri zjutraj zbrali na \u017eelezni\u0161ki postaji v \u0160entjurju, se poslovili od star\u0161ev in od\u0161li na vlak. Peljali smo se do Zidanega Mosta, kjer smo eno uro \u010dakali na naslednji vlak. S tem vlakom smo se odpeljali do Ljubljane, kjer smo morali prestopiti na avtobus do Jesenic. Tu smo se kon\u010dno vkrcali na mednarodni vlak. Vo\u017enja je bila zelo dolga, ampak nam kljub temu ni bilo niti malo dolg\u010das. V Frankfurt smo prispeli okoli sedme ure zve\u010der. Sprva smo sicer izstopili na napa\u010dni postaji, ampak smo potem od\u0161li na naslednji vlak in se odpeljali do na\u0161e kon\u010dne postaje. Iz Frankfurta smo se s kombijem odpeljali do Neu Anspacha, kjer so nas na parkiri\u0161\u010du pri\u010dakali na\u0161i gostitelji. Vsak je s svojim gostiteljem od\u0161el domov, kjer smo se namestili in utrujeni od dolge vo\u017enje \u0161li spat.<\/p>\n<p>V ponedeljek zjutraj so nam v \u0161oli pripravili dobrodo\u0161lico, na kateri je igral \u0161olski bend. Prve tri dni smo imeli razli\u010dne delavnice (igranje cajona, kuhanje, ko\u0161arka, grafiti, izdelovanje hotela za \u017eu\u017eelke in plesna delavnica). Vsak od nas je obiskoval eno delavnico, ki si jo je izbral. Po delavnicah smo vsak dan imeli \u010das za razne igre in spoznavanje mesta. V ponedeljek popoldan smo imeli prosti \u010das za dru\u017eenje v mladinskem centru, v torek smo \u0161li na bowling. V sredo smo obiskali podjetje Adam Hall, ki je poznano po izdelovanju koncertne opreme, zatem pa smo pripravili in okrasili dvorano za sobotni ve\u010der. V \u010detrtek smo imeli prost dan za dru\u017eenje z gostiteljem in dru\u017eino. Jaz, moja gostiteljica in njena star\u0161a smo obiskali \u017eivalski vrt v Frankfurtu, nato pa smo od\u0161li \u0161e na piknik. Tam smo jedli sladoled, igrali nogomet in odbojko ter imeli veliko zabavo.<\/p>\n<p>V petek smo se ob osmi uri zjutraj zbrali na \u017eelezni\u0161ki postaji v Neu Anspachu in se z vlakom odpravili v Frankfurt. Najprej smo si ogledali mesto, nato smo \u0161li v Commerzbank Tower. Tu smo imeli kosilo in voden ogled po stavbi. Z dvigalom smo se povzpeli v 53. nadstropje, in sicer 240 metrov visoko, od koder smo imeli odli\u010den razgled na mesto. Ko smo z ogledom kon\u010dali, smo imeli dve uri prostega \u010dasa, ki pa sta nam zelo hitro minili. Okoli petih smo se nato zbrali in od\u0161li na vlak proti Neu Anspachu.<\/p>\n<p>V soboto dopoldan smo se imeli mo\u017enost udele\u017eiti iger brez meja, jaz in moja gostiteljica pa sva dopoldan raje izkoristili za nakupovanje in dru\u017eenje. Ko sva pri\u0161li domov, sem spakirala in pospravila vse stvari ter se za\u010dela pripravljati za zaklju\u010dno prireditev, ki se je za\u010dela ob \u0161esti uri zve\u010der. Na prireditvi je vsak od nas predstavil svojo delavnico, ki jo je obiskoval od ponedeljka do srede. Za uradnim delom prireditve je bila ve\u010derja, nato pa poslovilna zabava. Na odru smo peli, plesali in se zelo zabavali. Ampak vse to nam je prehitro minilo, saj smo se morali ob polno\u010di odpraviti proti avtobusu. Slovo od na\u0161ih gostiteljev, dru\u017ein in prijateljev je bilo zelo te\u017eko. Vsi skupaj smo se v enem tednu zelo navezali drug na drugega, zato nam ob odhodu domov ni bilo lahko. Vo\u017enja domov je bila dolga in naporna, saj smo se z avtobusom vozili deset ur. Ko pa smo prispeli v \u0160entjur, so nas za ob\u010dino \u017ee \u010dakali na\u0161i star\u0161i in nas odpeljali domov.<\/p>\n<p><em>Na izmenjavi mi je bil najbolj v\u0161e\u010d prosti \u010das oziroma \u010das, ki smo ga pre\u017eiveli s prijatelji in gostitelji. Zelo pa so mi bile v\u0161e\u010d tudi delavnice, saj smo se zabavali in nau\u010dili veliko novega. O izmenjavah menim, da so zelo zabavne hkrati pa tudi pou\u010dne. Morale bi potekati med ve\u010d dr\u017eavami, saj verjamem, da vsi radi potujemo in odkrivamo nove kraje. Na mednarodnih izmenjavah se poleg angle\u0161\u010dine nau\u010di\u0161 sprejemati tudi druga\u010dne narode, ljudi in na\u010dine \u017eivljenja. Menim tudi, da bi tovrstne izmenjave morale trajati ve\u010d \u010dasa, saj nam je en teden prehitro minil. <\/em><\/p>\n<p>Veronika Planko, 9. b<\/p>\n<p>&nbsp;<\/p>\n<p>Spodnje fotografije je posnel g. Hartmut Klein. \u0160e ve\u010d njegovih fotografij, ki jih je posnel v tednu mladinske izmenjave, najdete na:\u00a0<strong><a href=\"https:\/\/c.web.de\/@337512628232395243\/sGpA0gqETuC4ZlCLRg1Odw\" target=\"_blank\">https:\/\/c.web.de\/@337512628232395243\/sGpA0gqETuC4ZlCLRg1Odw<\/a><\/strong>\u00a0Fotografije bodo na tej povezavi dostopne do 27. maja 2020.<\/p>\nngg_shortcode_0_placeholder\n","protected":false},"excerpt":{"rendered":"<p>Od 26. 5. 2019 do 2. 6. 2019 je v Neu Anspachu potekala mladinska izmenjava, ki se je je udele\u017eilo deset u\u010dencev O\u0160 Slivnica pri Celju. V nedeljo, 26. 5. 2019, smo se ob \u0161esti uri zjutraj zbrali na \u017eelezni\u0161ki postaji v \u0160entjurju, se poslovili od star\u0161ev in od\u0161li na vlak. Peljali smo se do [&hellip;]<\/p>\n","protected":false},"author":4243,"featured_media":0,"comment_status":"closed","ping_status":"closed","sticky":false,"template":"","format":"standard","meta":{"_et_pb_use_builder":"","_et_pb_old_content":"","_et_gb_content_width":"","ngg_post_thumbnail":0,"footnotes":"","_expiration-date-status":"","_expiration-date":0,"_expiration-date-type":"","_expiration-date-categories":[],"_expiration-date-options":[]},"categories":[9],"tags":[],"class_list":["post-9557","post","type-post","status-publish","format-standard","hentry","category-aktualno","et-doesnt-have-format-content","et_post_format-et-post-format-standard"],"_links":{"self":[{"href":"https:\/\/www.os-slivnica.si\/index.php?rest_route=\/wp\/v2\/posts\/9557","targetHints":{"allow":["GET"]}}],"collection":[{"href":"https:\/\/www.os-slivnica.si\/index.php?rest_route=\/wp\/v2\/posts"}],"about":[{"href":"https:\/\/www.os-slivnica.si\/index.php?rest_route=\/wp\/v2\/types\/post"}],"author":[{"embeddable":true,"href":"https:\/\/www.os-slivnica.si\/index.php?rest_route=\/wp\/v2\/users\/4243"}],"replies":[{"embeddable":true,"href":"https:\/\/www.os-slivnica.si\/index.php?rest_route=%2Fwp%2Fv2%2Fcomments&post=9557"}],"version-history":[{"count":2,"href":"https:\/\/www.os-slivnica.si\/index.php?rest_route=\/wp\/v2\/posts\/9557\/revisions"}],"predecessor-version":[{"id":9561,"href":"https:\/\/www.os-slivnica.si\/index.php?rest_route=\/wp\/v2\/posts\/9557\/revisions\/9561"}],"wp:attachment":[{"href":"https:\/\/www.os-slivnica.si\/index.php?rest_route=%2Fwp%2Fv2%2Fmedia&parent=9557"}],"wp:term":[{"taxonomy":"category","embeddable":true,"href":"https:\/\/www.os-slivnica.si\/index.php?rest_route=%2Fwp%2Fv2%2Fcategories&post=9557"},{"taxonomy":"post_tag","embeddable":true,"href":"https:\/\/www.os-slivnica.si\/index.php?rest_route=%2Fwp%2Fv2%2Ftags&post=9557"}],"curies":[{"name":"wp","href":"https:\/\/api.w.org\/{rel}","templated":true}]}}