{"id":9535,"date":"2019-06-11T18:25:24","date_gmt":"2019-06-11T16:25:24","guid":{"rendered":"http:\/\/slivnica.splet.arnes.si\/?p=9535"},"modified":"2019-06-11T18:37:39","modified_gmt":"2019-06-11T16:37:39","slug":"noc-pravljic-v-loki-2","status":"publish","type":"post","link":"https:\/\/www.os-slivnica.si\/?p=9535","title":{"rendered":"No\u010d pravljic v Loki"},"content":{"rendered":"<p><em><strong>No\u010d pravljic<\/strong><\/em> v na\u0161i \u0161oli postaja tradicionalni dogodek, saj smo ga tokrat izvedli \u0161e tretji\u010d. Z njim privzgajamo otrokom veselje do branja, \u0161irimo bralno kulturo ter poudarjamo pomen branja za kvalitetno pre\u017eivljanje prostega \u010dasa. Hkrati nam omogo\u010da medgeneracijsko povezovanje, dru\u017eenje, prena\u0161anje znanj, izku\u0161enj, gibanje ter krepitev temeljnih \u010dlovekovih vrednot, kot so samostojnost, strpnost, odgovornost, spo\u0161tovanje, razumevanje, pomo\u010d, sprejetost &#8230; O dogodku sta tretje\u0161olki Leja in Pia zapisali:<\/p>\n<p><em>V petek, 7. 6. 2019, smo v \u0161oli Loka pri \u017dusmu imeli No\u010d pravljic. Ko smo vsi otroci prispeli v \u0161olo, smo v telovadnici odlo\u017eili prtljago in od\u0161li v knji\u017enico. Tam smo iz razrezanih del\u010dkov sestavljali pravlji\u010dne junake. Ooo, kako je bilo te\u017eko, ampak nam je uspelo sestaviti dve sestavljanki! Svojo najljub\u0161o pravljico smo pripovedovali so\u0161olcem. Potem smo imeli ve\u010derjo. Pojedli smo vse do zadnje pikice, saj so bile pala\u010dinke z marmelado in nutelo res slastne. Mjami \u2026<\/em><\/p>\n<p><em>Po okusni ve\u010derji smo zunaj na igri\u0161\u010du igrali badminton in med dvema ognjema. Ko smo bili vsi izmu\u010deni, smo od\u0161li na ogled pravlji\u010dnega kina. Pri prvi pravljici smo lizali sladoled, pri drugi pa vzeli svoje dobrote in si jih razdelili. Pozno zve\u010der smo razpakirali svoje stvari in zaigrali \u0161e \u0161tiri pravljice. Nato sem jaz prebrala pravljico, ampak u\u010ditelji\u010dina je bila tako zanimiva, da smo nekateri kar zaspali, drugi pa so \u0161e kar bedeli.<\/em><\/p>\n<p><em>Ko smo se zjutraj nekateri zbudili, smo so\u0161olce namazali\u00a0 z zobno pasto. Tega niso bili najbolj veseli, ker so si kar dolgo umivali obraz. Nato smo vse spakirali in od\u0161li k zajtrku. Ker smo bili zelo la\u010dni, so nam tunina pa\u0161teta, \u017eemlja in \u010daj zelo teknili. Potem smo od\u0161li \u0161e na kratek jutranji pohod na Rudnico. Na pohodu smo se slikali, pogovarjali in jedli gozdne jagode. Ko smo prispeli do \u0161ole, so nas star\u0161i \u017ee \u010dakali. Poslovili smo se in se s star\u0161i odpeljali domov. <\/em><\/p>\n<p><em>Ta dan nam bo zagotovo ostal za vedno v spominu!<\/em><\/p>\nngg_shortcode_0_placeholder\n<p>&nbsp;<\/p>\n","protected":false},"excerpt":{"rendered":"<p>No\u010d pravljic v na\u0161i \u0161oli postaja tradicionalni dogodek, saj smo ga tokrat izvedli \u0161e tretji\u010d. Z njim privzgajamo otrokom veselje do branja, \u0161irimo bralno kulturo ter poudarjamo pomen branja za kvalitetno pre\u017eivljanje prostega \u010dasa. Hkrati nam omogo\u010da medgeneracijsko povezovanje, dru\u017eenje, prena\u0161anje znanj, izku\u0161enj, gibanje ter krepitev temeljnih \u010dlovekovih vrednot, kot so samostojnost, strpnost, odgovornost, spo\u0161tovanje, [&hellip;]<\/p>\n","protected":false},"author":5997,"featured_media":0,"comment_status":"closed","ping_status":"closed","sticky":false,"template":"","format":"standard","meta":{"_et_pb_use_builder":"","_et_pb_old_content":"","_et_gb_content_width":"","ngg_post_thumbnail":0,"footnotes":"","_expiration-date-status":"","_expiration-date":0,"_expiration-date-type":"","_expiration-date-categories":[],"_expiration-date-options":[]},"categories":[9,10],"tags":[],"class_list":["post-9535","post","type-post","status-publish","format-standard","hentry","category-aktualno","category-ps-loka","et-doesnt-have-format-content","et_post_format-et-post-format-standard"],"_links":{"self":[{"href":"https:\/\/www.os-slivnica.si\/index.php?rest_route=\/wp\/v2\/posts\/9535","targetHints":{"allow":["GET"]}}],"collection":[{"href":"https:\/\/www.os-slivnica.si\/index.php?rest_route=\/wp\/v2\/posts"}],"about":[{"href":"https:\/\/www.os-slivnica.si\/index.php?rest_route=\/wp\/v2\/types\/post"}],"author":[{"embeddable":true,"href":"https:\/\/www.os-slivnica.si\/index.php?rest_route=\/wp\/v2\/users\/5997"}],"replies":[{"embeddable":true,"href":"https:\/\/www.os-slivnica.si\/index.php?rest_route=%2Fwp%2Fv2%2Fcomments&post=9535"}],"version-history":[{"count":3,"href":"https:\/\/www.os-slivnica.si\/index.php?rest_route=\/wp\/v2\/posts\/9535\/revisions"}],"predecessor-version":[{"id":9541,"href":"https:\/\/www.os-slivnica.si\/index.php?rest_route=\/wp\/v2\/posts\/9535\/revisions\/9541"}],"wp:attachment":[{"href":"https:\/\/www.os-slivnica.si\/index.php?rest_route=%2Fwp%2Fv2%2Fmedia&parent=9535"}],"wp:term":[{"taxonomy":"category","embeddable":true,"href":"https:\/\/www.os-slivnica.si\/index.php?rest_route=%2Fwp%2Fv2%2Fcategories&post=9535"},{"taxonomy":"post_tag","embeddable":true,"href":"https:\/\/www.os-slivnica.si\/index.php?rest_route=%2Fwp%2Fv2%2Ftags&post=9535"}],"curies":[{"name":"wp","href":"https:\/\/api.w.org\/{rel}","templated":true}]}}