{"id":9495,"date":"2019-06-06T21:45:48","date_gmt":"2019-06-06T19:45:48","guid":{"rendered":"http:\/\/slivnica.splet.arnes.si\/?p=9495"},"modified":"2019-06-07T10:13:00","modified_gmt":"2019-06-07T08:13:00","slug":"ucenci-s-prevorja-in-loke-obiskali-muzej-na-prostem-v-rogatcu","status":"publish","type":"post","link":"https:\/\/www.os-slivnica.si\/?p=9495","title":{"rendered":"U\u010denci s Prevorja in Loke obiskali Muzej na prostem v Rogatcu"},"content":{"rendered":"<p><img loading=\"lazy\" decoding=\"async\" class=\"irc_mi aligncenter\" src=\"https:\/\/s3-eu-west-1.amazonaws.com\/nappic\/1\/654\/_5721eca8919ca.jpg\" alt=\"Rezultat iskanja slik za muzej na prostem \u0161ola\" width=\"306\" height=\"204\" \/><\/p>\n<p>U\u010denci od 1. do 5. razreda P\u0160 Prevorje in Loka smo se v sredo, 5. junija odpeljali v Rogatec, kjer smo dopoldan pre\u017eiveli v doslej v najve\u010djem muzeju na prostem v Sloveniji.<\/p>\n<p>Ogledali smo si \u0160mitovo stanovanjsko hi\u0161o, gospodarsko poslopje \u201c\u0161tala\u201d, dvojni vezani kozolec \u201ctoplar&#8221;, vodnjak \u201c\u0161tepih na \u010dapljo\u201d in pode\u017eelsko trgovino z me\u0161anim blagom. Udele\u017eili smo se treh delavnic. Na prvi delavnici smo si Iz kva\u0161enega testa oblikovali &#8220;\u017eulike&#8221;, v glasbeni delavnici smo se pogovarjali o ljudskih glasbilih, si iz koruznice izdelali &#8220;nunalce&#8221; in nanje tudi zaigrali. V zadnji delavnici pa smo se preizkusili tudi v hoji s hoduljami.<\/p>\n<p>Polni prijetnih vtisov, novih izku\u0161enj in dobre volje smo se odpeljali proti domu.<\/p>\n<p style=\"text-align: center\">ngg_shortcode_0_placeholder<\/p>\n<p>&nbsp;<\/p>\n<p>&nbsp;<\/p>\n","protected":false},"excerpt":{"rendered":"<p>U\u010denci od 1. do 5. razreda P\u0160 Prevorje in Loka smo se v sredo, 5. junija odpeljali v Rogatec, kjer smo dopoldan pre\u017eiveli v doslej v najve\u010djem muzeju na prostem v Sloveniji. Ogledali smo si \u0160mitovo stanovanjsko hi\u0161o, gospodarsko poslopje \u201c\u0161tala\u201d, dvojni vezani kozolec \u201ctoplar&#8221;, vodnjak \u201c\u0161tepih na \u010dapljo\u201d in pode\u017eelsko trgovino z me\u0161anim blagom. [&hellip;]<\/p>\n","protected":false},"author":6009,"featured_media":0,"comment_status":"closed","ping_status":"closed","sticky":false,"template":"","format":"standard","meta":{"_et_pb_use_builder":"","_et_pb_old_content":"","_et_gb_content_width":"","ngg_post_thumbnail":0,"footnotes":"","_expiration-date-status":"","_expiration-date":0,"_expiration-date-type":"","_expiration-date-categories":[],"_expiration-date-options":[]},"categories":[10,11],"tags":[],"class_list":["post-9495","post","type-post","status-publish","format-standard","hentry","category-ps-loka","category-ps-prevorje","et-doesnt-have-format-content","et_post_format-et-post-format-standard"],"_links":{"self":[{"href":"https:\/\/www.os-slivnica.si\/index.php?rest_route=\/wp\/v2\/posts\/9495","targetHints":{"allow":["GET"]}}],"collection":[{"href":"https:\/\/www.os-slivnica.si\/index.php?rest_route=\/wp\/v2\/posts"}],"about":[{"href":"https:\/\/www.os-slivnica.si\/index.php?rest_route=\/wp\/v2\/types\/post"}],"author":[{"embeddable":true,"href":"https:\/\/www.os-slivnica.si\/index.php?rest_route=\/wp\/v2\/users\/6009"}],"replies":[{"embeddable":true,"href":"https:\/\/www.os-slivnica.si\/index.php?rest_route=%2Fwp%2Fv2%2Fcomments&post=9495"}],"version-history":[{"count":3,"href":"https:\/\/www.os-slivnica.si\/index.php?rest_route=\/wp\/v2\/posts\/9495\/revisions"}],"predecessor-version":[{"id":9501,"href":"https:\/\/www.os-slivnica.si\/index.php?rest_route=\/wp\/v2\/posts\/9495\/revisions\/9501"}],"wp:attachment":[{"href":"https:\/\/www.os-slivnica.si\/index.php?rest_route=%2Fwp%2Fv2%2Fmedia&parent=9495"}],"wp:term":[{"taxonomy":"category","embeddable":true,"href":"https:\/\/www.os-slivnica.si\/index.php?rest_route=%2Fwp%2Fv2%2Fcategories&post=9495"},{"taxonomy":"post_tag","embeddable":true,"href":"https:\/\/www.os-slivnica.si\/index.php?rest_route=%2Fwp%2Fv2%2Ftags&post=9495"}],"curies":[{"name":"wp","href":"https:\/\/api.w.org\/{rel}","templated":true}]}}