{"id":9473,"date":"2019-06-05T15:10:06","date_gmt":"2019-06-05T13:10:06","guid":{"rendered":"http:\/\/slivnica.splet.arnes.si\/?p=9473"},"modified":"2019-06-05T15:10:06","modified_gmt":"2019-06-05T13:10:06","slug":"prireditev-ob-zakljucku-projekta-zlati-bralec","status":"publish","type":"post","link":"https:\/\/www.os-slivnica.si\/?p=9473","title":{"rendered":"Prireditev ob zaklju\u010dku projekta Zlati bralec"},"content":{"rendered":"<p>U\u010denci, ki vseh devet let preberejo knjige za slovensko bralno zna\u010dko, postanejo Zlati bralci. Letos so to postali naslednji deveto\u0161olci: Maja Podkraj\u0161ek, Tja\u0161a Punger\u0161ek, Leja Ratej in Alja\u017e Romih. Za Zlate in druge prizadevne bralce v ob\u010dinah \u0160entjur in Dobje so 4. junija 2019 v IKC-ju pripravili sve\u010dano prireditev, ki jo je organizirala in povezovala ga. Albina Karmuzel, predsednica OZPM \u0160entjur. Mlade bralci so bili nagrajeni z nastopom Adija Smolarja in Toma Coste. Vsi zlati u\u010denci so bili obdarovani s spominskim priznanjem in knji\u017enim darilom, pesni\u0161ko zbirko Borisa A. Novaka Oblike neba.\u00a0ngg_shortcode_0_placeholder<\/p>\n","protected":false},"excerpt":{"rendered":"<p>U\u010denci, ki vseh devet let preberejo knjige za slovensko bralno zna\u010dko, postanejo Zlati bralci. Letos so to postali naslednji deveto\u0161olci: Maja Podkraj\u0161ek, Tja\u0161a Punger\u0161ek, Leja Ratej in Alja\u017e Romih. Za Zlate in druge prizadevne bralce v ob\u010dinah \u0160entjur in Dobje so 4. junija 2019 v IKC-ju pripravili sve\u010dano prireditev, ki jo je organizirala in povezovala [&hellip;]<\/p>\n","protected":false},"author":4050,"featured_media":0,"comment_status":"closed","ping_status":"closed","sticky":false,"template":"","format":"standard","meta":{"_et_pb_use_builder":"","_et_pb_old_content":"","_et_gb_content_width":"","ngg_post_thumbnail":0,"footnotes":"","_expiration-date-status":"","_expiration-date":0,"_expiration-date-type":"","_expiration-date-categories":[],"_expiration-date-options":[]},"categories":[9],"tags":[],"class_list":["post-9473","post","type-post","status-publish","format-standard","hentry","category-aktualno","et-doesnt-have-format-content","et_post_format-et-post-format-standard"],"_links":{"self":[{"href":"https:\/\/www.os-slivnica.si\/index.php?rest_route=\/wp\/v2\/posts\/9473","targetHints":{"allow":["GET"]}}],"collection":[{"href":"https:\/\/www.os-slivnica.si\/index.php?rest_route=\/wp\/v2\/posts"}],"about":[{"href":"https:\/\/www.os-slivnica.si\/index.php?rest_route=\/wp\/v2\/types\/post"}],"author":[{"embeddable":true,"href":"https:\/\/www.os-slivnica.si\/index.php?rest_route=\/wp\/v2\/users\/4050"}],"replies":[{"embeddable":true,"href":"https:\/\/www.os-slivnica.si\/index.php?rest_route=%2Fwp%2Fv2%2Fcomments&post=9473"}],"version-history":[{"count":4,"href":"https:\/\/www.os-slivnica.si\/index.php?rest_route=\/wp\/v2\/posts\/9473\/revisions"}],"predecessor-version":[{"id":9481,"href":"https:\/\/www.os-slivnica.si\/index.php?rest_route=\/wp\/v2\/posts\/9473\/revisions\/9481"}],"wp:attachment":[{"href":"https:\/\/www.os-slivnica.si\/index.php?rest_route=%2Fwp%2Fv2%2Fmedia&parent=9473"}],"wp:term":[{"taxonomy":"category","embeddable":true,"href":"https:\/\/www.os-slivnica.si\/index.php?rest_route=%2Fwp%2Fv2%2Fcategories&post=9473"},{"taxonomy":"post_tag","embeddable":true,"href":"https:\/\/www.os-slivnica.si\/index.php?rest_route=%2Fwp%2Fv2%2Ftags&post=9473"}],"curies":[{"name":"wp","href":"https:\/\/api.w.org\/{rel}","templated":true}]}}