{"id":9461,"date":"2019-06-05T14:35:15","date_gmt":"2019-06-05T12:35:15","guid":{"rendered":"http:\/\/slivnica.splet.arnes.si\/?p=9461"},"modified":"2019-06-05T14:35:15","modified_gmt":"2019-06-05T12:35:15","slug":"izlet-kulturnih-sol-v-lasko","status":"publish","type":"post","link":"https:\/\/www.os-slivnica.si\/?p=9461","title":{"rendered":"Izlet kulturnih \u0161ol v La\u0161ko"},"content":{"rendered":"<p>V \u010detrtek, 23. maja 2019, so se \u0161tiri na\u0161e deveto\u0161olke udele\u017eile izleta najkulturnikov v La\u0161ko. Tradicionalni izlet kulturnih \u0161ol je letos organizirala O\u0160 Primo\u017ea Trubarja La\u0161ko.ngg_shortcode_0_placeholder<!--more--><\/p>\n<p>V Kulturnem centru La\u0161ko so najkulturnike in mentorje prijazno sprejeli in nagovorili predstavniki \u0161ole, gimnazije, ob\u010dine in javnega sklada za kulturne dejavnosti. Po malici so v sodelovanju s TIC-em pripravili\u00a0 lov za zakladom. S pomo\u010djo zemljevida so u\u010denci po skupinah obiskali osem postaj in re\u0161evali naloge. Na zadnji postaji so u\u010denci ustvarili skupinske vedute La\u0161kega po prilo\u017eeni sliki. Umetnine so tudi razstavili. Po kosilu je sledil ogled muzikala \u010carovnija, ki je vse zbrane o\u010daral.<\/p>\n<p>Ve\u010d fotografskih utrinkov z dogodka si lahko ogledate na: <a href=\"https:\/\/drive.google.com\/drive\/folders\/19_cfp42imKB0EnwK1SkdM3NgJfvNbEH4\">https:\/\/drive.google.com\/drive\/folders\/19_cfp42imKB0EnwK1SkdM3NgJfvNbEH4<\/a><\/p>\n","protected":false},"excerpt":{"rendered":"<p>V \u010detrtek, 23. maja 2019, so se \u0161tiri na\u0161e deveto\u0161olke udele\u017eile izleta najkulturnikov v La\u0161ko. Tradicionalni izlet kulturnih \u0161ol je letos organizirala O\u0160 Primo\u017ea Trubarja La\u0161ko.<\/p>\n","protected":false},"author":4050,"featured_media":0,"comment_status":"closed","ping_status":"closed","sticky":false,"template":"","format":"standard","meta":{"_et_pb_use_builder":"","_et_pb_old_content":"","_et_gb_content_width":"","ngg_post_thumbnail":0,"footnotes":"","_expiration-date-status":"","_expiration-date":0,"_expiration-date-type":"","_expiration-date-categories":[],"_expiration-date-options":[]},"categories":[9],"tags":[],"class_list":["post-9461","post","type-post","status-publish","format-standard","hentry","category-aktualno","et-doesnt-have-format-content","et_post_format-et-post-format-standard"],"_links":{"self":[{"href":"https:\/\/www.os-slivnica.si\/index.php?rest_route=\/wp\/v2\/posts\/9461","targetHints":{"allow":["GET"]}}],"collection":[{"href":"https:\/\/www.os-slivnica.si\/index.php?rest_route=\/wp\/v2\/posts"}],"about":[{"href":"https:\/\/www.os-slivnica.si\/index.php?rest_route=\/wp\/v2\/types\/post"}],"author":[{"embeddable":true,"href":"https:\/\/www.os-slivnica.si\/index.php?rest_route=\/wp\/v2\/users\/4050"}],"replies":[{"embeddable":true,"href":"https:\/\/www.os-slivnica.si\/index.php?rest_route=%2Fwp%2Fv2%2Fcomments&post=9461"}],"version-history":[{"count":5,"href":"https:\/\/www.os-slivnica.si\/index.php?rest_route=\/wp\/v2\/posts\/9461\/revisions"}],"predecessor-version":[{"id":9471,"href":"https:\/\/www.os-slivnica.si\/index.php?rest_route=\/wp\/v2\/posts\/9461\/revisions\/9471"}],"wp:attachment":[{"href":"https:\/\/www.os-slivnica.si\/index.php?rest_route=%2Fwp%2Fv2%2Fmedia&parent=9461"}],"wp:term":[{"taxonomy":"category","embeddable":true,"href":"https:\/\/www.os-slivnica.si\/index.php?rest_route=%2Fwp%2Fv2%2Fcategories&post=9461"},{"taxonomy":"post_tag","embeddable":true,"href":"https:\/\/www.os-slivnica.si\/index.php?rest_route=%2Fwp%2Fv2%2Ftags&post=9461"}],"curies":[{"name":"wp","href":"https:\/\/api.w.org\/{rel}","templated":true}]}}