{"id":9437,"date":"2019-06-03T20:56:24","date_gmt":"2019-06-03T18:56:24","guid":{"rendered":"http:\/\/slivnica.splet.arnes.si\/?p=9437"},"modified":"2019-06-03T20:57:05","modified_gmt":"2019-06-03T18:57:05","slug":"tek-podneben-solidarnosti","status":"publish","type":"post","link":"https:\/\/www.os-slivnica.si\/?p=9437","title":{"rendered":"Tek podnebne solidarnosti na Prevorju"},"content":{"rendered":"<p><img loading=\"lazy\" decoding=\"async\" class=\"irc_mi aligncenter\" src=\"http:\/\/www.ospodgorje.si\/OSPodgorje\/aktualno-106-P1.jpg\" alt=\"Rezultat iskanja slik za tek podnebne solidarnosti\" width=\"144\" height=\"165\" \/><\/p>\n<p>Tudi letos v okviru <strong>Karitasa<\/strong> sodelujemo v <strong>projektu<\/strong> &#8221; <strong>Tek podnebne solidarnosti<\/strong>.&#8221; U\u010denci so tekli v znamenju<strong> solidarnosti<\/strong> do <strong>revnih ljudi v dr\u017eavah v razvoju<\/strong>, predvsem v Afriki, ki jih <strong>posledice podnebnih sprememb<\/strong> najbolj <strong>prizadenejo. <\/strong>S<strong> prete\u010denimi kilometri, <\/strong>so nadaljevali gradnjo<strong> kroga podnebne solidarnosti okoli planeta Zemlje.<\/strong><\/p>\n<p style=\"text-align: center\">ngg_shortcode_0_placeholder<\/p>\n","protected":false},"excerpt":{"rendered":"<p>Tudi letos v okviru Karitasa sodelujemo v projektu &#8221; Tek podnebne solidarnosti.&#8221; U\u010denci so tekli v znamenju solidarnosti do revnih ljudi v dr\u017eavah v razvoju, predvsem v Afriki, ki jih posledice podnebnih sprememb najbolj prizadenejo. S prete\u010denimi kilometri, so nadaljevali gradnjo kroga podnebne solidarnosti okoli planeta Zemlje.<\/p>\n","protected":false},"author":6009,"featured_media":0,"comment_status":"closed","ping_status":"closed","sticky":false,"template":"","format":"standard","meta":{"_et_pb_use_builder":"","_et_pb_old_content":"","_et_gb_content_width":"","ngg_post_thumbnail":0,"footnotes":"","_expiration-date-status":"","_expiration-date":0,"_expiration-date-type":"","_expiration-date-categories":[],"_expiration-date-options":[]},"categories":[11],"tags":[],"class_list":["post-9437","post","type-post","status-publish","format-standard","hentry","category-ps-prevorje","et-doesnt-have-format-content","et_post_format-et-post-format-standard"],"_links":{"self":[{"href":"https:\/\/www.os-slivnica.si\/index.php?rest_route=\/wp\/v2\/posts\/9437","targetHints":{"allow":["GET"]}}],"collection":[{"href":"https:\/\/www.os-slivnica.si\/index.php?rest_route=\/wp\/v2\/posts"}],"about":[{"href":"https:\/\/www.os-slivnica.si\/index.php?rest_route=\/wp\/v2\/types\/post"}],"author":[{"embeddable":true,"href":"https:\/\/www.os-slivnica.si\/index.php?rest_route=\/wp\/v2\/users\/6009"}],"replies":[{"embeddable":true,"href":"https:\/\/www.os-slivnica.si\/index.php?rest_route=%2Fwp%2Fv2%2Fcomments&post=9437"}],"version-history":[{"count":2,"href":"https:\/\/www.os-slivnica.si\/index.php?rest_route=\/wp\/v2\/posts\/9437\/revisions"}],"predecessor-version":[{"id":9441,"href":"https:\/\/www.os-slivnica.si\/index.php?rest_route=\/wp\/v2\/posts\/9437\/revisions\/9441"}],"wp:attachment":[{"href":"https:\/\/www.os-slivnica.si\/index.php?rest_route=%2Fwp%2Fv2%2Fmedia&parent=9437"}],"wp:term":[{"taxonomy":"category","embeddable":true,"href":"https:\/\/www.os-slivnica.si\/index.php?rest_route=%2Fwp%2Fv2%2Fcategories&post=9437"},{"taxonomy":"post_tag","embeddable":true,"href":"https:\/\/www.os-slivnica.si\/index.php?rest_route=%2Fwp%2Fv2%2Ftags&post=9437"}],"curies":[{"name":"wp","href":"https:\/\/api.w.org\/{rel}","templated":true}]}}