{"id":9313,"date":"2019-05-17T14:40:42","date_gmt":"2019-05-17T12:40:42","guid":{"rendered":"http:\/\/slivnica.splet.arnes.si\/?p=9313"},"modified":"2019-06-05T13:10:40","modified_gmt":"2019-06-05T11:10:40","slug":"prireditev-ob-zakljucku-bralne-znacke-21-5-2019","status":"publish","type":"post","link":"https:\/\/www.os-slivnica.si\/?p=9313","title":{"rendered":"Prireditev ob zaklju\u010dku bralne zna\u010dke, 21. 5. 2019"},"content":{"rendered":"<p>V torek, 21. maja 2019, smo imeli prireditev ob zaklju\u010dku bralne zna\u010dke v \u0161olski telovadnici. V okviru kulturnih \u0161ol smo medse povabili dramsko skupino z O\u0160 Frana Ro\u0161a Celje. Odigrali so nam predstavo z naslovom Jaz, Ivan: Moj lajf.\u00a0ngg_shortcode_0_placeholder<\/p>\n<p>Pod mentorstvom u\u010diteljice Maje Skaki\u0107 so jo pripravili ob 100-letnici smrti Ivana Cankarja, velikana slovenske knji\u017eevnosti.\u00a0 Prestavo so uprizorili dvakrat: ob 8.50 za vse u\u010dence predmetne stopnje, ob 10.00 pa za vse u\u010dence razredne stopnje.Z igralci in plesalci smo podo\u017eiveli Cankarjev \u010das in njegove zgodbe iz otro\u0161tva in mladosti. Zahvalili smo se jim s &#8220;peharjem&#8221; suhih sliv, oblitih s \u010dokolado.<\/p>\n<p>&nbsp;<\/p>\n","protected":false},"excerpt":{"rendered":"<p>V torek, 21. maja 2019, smo imeli prireditev ob zaklju\u010dku bralne zna\u010dke v \u0161olski telovadnici. V okviru kulturnih \u0161ol smo medse povabili dramsko skupino z O\u0160 Frana Ro\u0161a Celje. Odigrali so nam predstavo z naslovom Jaz, Ivan: Moj lajf.\u00a0 Pod mentorstvom u\u010diteljice Maje Skaki\u0107 so jo pripravili ob 100-letnici smrti Ivana Cankarja, velikana slovenske knji\u017eevnosti.\u00a0 [&hellip;]<\/p>\n","protected":false},"author":4050,"featured_media":0,"comment_status":"closed","ping_status":"closed","sticky":false,"template":"","format":"standard","meta":{"_et_pb_use_builder":"","_et_pb_old_content":"","_et_gb_content_width":"","ngg_post_thumbnail":0,"footnotes":"","_expiration-date-status":"","_expiration-date":0,"_expiration-date-type":"","_expiration-date-categories":[],"_expiration-date-options":[]},"categories":[9],"tags":[],"class_list":["post-9313","post","type-post","status-publish","format-standard","hentry","category-aktualno","et-doesnt-have-format-content","et_post_format-et-post-format-standard"],"_links":{"self":[{"href":"https:\/\/www.os-slivnica.si\/index.php?rest_route=\/wp\/v2\/posts\/9313","targetHints":{"allow":["GET"]}}],"collection":[{"href":"https:\/\/www.os-slivnica.si\/index.php?rest_route=\/wp\/v2\/posts"}],"about":[{"href":"https:\/\/www.os-slivnica.si\/index.php?rest_route=\/wp\/v2\/types\/post"}],"author":[{"embeddable":true,"href":"https:\/\/www.os-slivnica.si\/index.php?rest_route=\/wp\/v2\/users\/4050"}],"replies":[{"embeddable":true,"href":"https:\/\/www.os-slivnica.si\/index.php?rest_route=%2Fwp%2Fv2%2Fcomments&post=9313"}],"version-history":[{"count":4,"href":"https:\/\/www.os-slivnica.si\/index.php?rest_route=\/wp\/v2\/posts\/9313\/revisions"}],"predecessor-version":[{"id":9459,"href":"https:\/\/www.os-slivnica.si\/index.php?rest_route=\/wp\/v2\/posts\/9313\/revisions\/9459"}],"wp:attachment":[{"href":"https:\/\/www.os-slivnica.si\/index.php?rest_route=%2Fwp%2Fv2%2Fmedia&parent=9313"}],"wp:term":[{"taxonomy":"category","embeddable":true,"href":"https:\/\/www.os-slivnica.si\/index.php?rest_route=%2Fwp%2Fv2%2Fcategories&post=9313"},{"taxonomy":"post_tag","embeddable":true,"href":"https:\/\/www.os-slivnica.si\/index.php?rest_route=%2Fwp%2Fv2%2Ftags&post=9313"}],"curies":[{"name":"wp","href":"https:\/\/api.w.org\/{rel}","templated":true}]}}