{"id":9277,"date":"2019-05-14T18:53:41","date_gmt":"2019-05-14T16:53:41","guid":{"rendered":"http:\/\/slivnica.splet.arnes.si\/?p=9277"},"modified":"2019-05-14T18:53:41","modified_gmt":"2019-05-14T16:53:41","slug":"dan-v-brezicah","status":"publish","type":"post","link":"https:\/\/www.os-slivnica.si\/?p=9277","title":{"rendered":"DAN V BRE\u017dICAH"},"content":{"rendered":"<p>U\u010denci in u\u010diteljice s P\u0160 Prevorje, smo se <em>v soboto, 11. 5. 2019, odpravili v Bre\u017eice<\/em>, kjer so nas pri\u010dakali nasmejani in dobrovoljni\u00a0\u010dlani <strong>PGD Bre\u017eice<\/strong> in zaposleni <strong>Centra za obve\u0161\u010danje Bre\u017eice<\/strong>.<\/p>\n<p><img loading=\"lazy\" decoding=\"async\" class=\"aligncenter\" src=\"http:\/\/www.sos112.si\/slo\/images\/112logo.png\" alt=\"Rezultat iskanja slik za 112\" width=\"97\" height=\"97\" \/><!--more--><\/p>\n<p>Dopoldne je minilo kot bi mignil: aktivno spoznavanje gasilske opreme, ogled poveljni\u0161kega vozila in ostalih gasilskih vozil, ogled garderobe, natan\u010den prikaz obve\u0161\u010danja gasilcev, pozivniki, termo daljnogled&#8230; Vrhunec dneva je bila zagotovo &#8220;vo\u017enja&#8221; z gasilsko <strong>avtolestvijo<\/strong>. Z vi\u0161ine smo lahko ob\u010dudovali prelep razgled, marsikdo pa je premagal tudi strah pred vi\u0161ino.<\/p>\n<p><img loading=\"lazy\" decoding=\"async\" class=\"alignleft\" src=\"http:\/\/www.sos112.si\/db\/image\/Brezice\/SAM_3630.JPG\" alt=\"Povezana slika\" width=\"269\" height=\"179\" \/><\/p>\n<p>V Centru za obve\u0161\u010danje smo izvedeli veliko novega, razmi\u0161ljali kdaj poklicati \u0161tevilko 112 in bili pri\u010de konkretnim klicem, kar nas je najbolj navdu\u0161ilo. Zaposleni so prijazno odgovarjali na na\u0161a vpra\u0161anja in nam predstavili zanimive zgodbe.<\/p>\n<p>&nbsp;<\/p>\n<p>&nbsp;<\/p>\n<p>Na poti domov smo se ustavili \u0161e na\u00a0<strong>gradu Rajhenburg<\/strong>. Ogledali smo si <strong>ve\u010d razstav<\/strong>: <em>Gube, Primo\u017e Kozmus: Odli\u010dja, Trapisti v Rajhenburgu in Grajsko pohi\u0161tvo 18. in 19. stoletja.\u00a0<\/em><\/p>\n<p>Tako zabavno-pou\u010den &#8220;izlet&#8221; pa se mora zaklju\u010diti, kajne? Seveda, s sladoledom!\u00a0<img loading=\"lazy\" decoding=\"async\" class=\"\" src=\"https:\/\/previews.123rf.com\/images\/vectorshowstudio\/vectorshowstudio1608\/vectorshowstudio160800547\/61463157-dibujos-animados-dulce-helado-fr%C3%ADo-y-sabroso-helado-de-dibujos-animados-de-vectores-congelado-delicios.jpg\" alt=\"Povezana slika\" width=\"32\" height=\"32\" \/><\/p>\nngg_shortcode_0_placeholder\n","protected":false},"excerpt":{"rendered":"<p>U\u010denci in u\u010diteljice s P\u0160 Prevorje, smo se v soboto, 11. 5. 2019, odpravili v Bre\u017eice, kjer so nas pri\u010dakali nasmejani in dobrovoljni\u00a0\u010dlani PGD Bre\u017eice in zaposleni Centra za obve\u0161\u010danje Bre\u017eice.<\/p>\n","protected":false},"author":7958,"featured_media":0,"comment_status":"closed","ping_status":"closed","sticky":false,"template":"","format":"standard","meta":{"_et_pb_use_builder":"","_et_pb_old_content":"","_et_gb_content_width":"","ngg_post_thumbnail":0,"footnotes":"","_expiration-date-status":"","_expiration-date":0,"_expiration-date-type":"","_expiration-date-categories":[],"_expiration-date-options":[]},"categories":[9,11],"tags":[],"class_list":["post-9277","post","type-post","status-publish","format-standard","hentry","category-aktualno","category-ps-prevorje","et-doesnt-have-format-content","et_post_format-et-post-format-standard"],"_links":{"self":[{"href":"https:\/\/www.os-slivnica.si\/index.php?rest_route=\/wp\/v2\/posts\/9277","targetHints":{"allow":["GET"]}}],"collection":[{"href":"https:\/\/www.os-slivnica.si\/index.php?rest_route=\/wp\/v2\/posts"}],"about":[{"href":"https:\/\/www.os-slivnica.si\/index.php?rest_route=\/wp\/v2\/types\/post"}],"author":[{"embeddable":true,"href":"https:\/\/www.os-slivnica.si\/index.php?rest_route=\/wp\/v2\/users\/7958"}],"replies":[{"embeddable":true,"href":"https:\/\/www.os-slivnica.si\/index.php?rest_route=%2Fwp%2Fv2%2Fcomments&post=9277"}],"version-history":[{"count":6,"href":"https:\/\/www.os-slivnica.si\/index.php?rest_route=\/wp\/v2\/posts\/9277\/revisions"}],"predecessor-version":[{"id":9289,"href":"https:\/\/www.os-slivnica.si\/index.php?rest_route=\/wp\/v2\/posts\/9277\/revisions\/9289"}],"wp:attachment":[{"href":"https:\/\/www.os-slivnica.si\/index.php?rest_route=%2Fwp%2Fv2%2Fmedia&parent=9277"}],"wp:term":[{"taxonomy":"category","embeddable":true,"href":"https:\/\/www.os-slivnica.si\/index.php?rest_route=%2Fwp%2Fv2%2Fcategories&post=9277"},{"taxonomy":"post_tag","embeddable":true,"href":"https:\/\/www.os-slivnica.si\/index.php?rest_route=%2Fwp%2Fv2%2Ftags&post=9277"}],"curies":[{"name":"wp","href":"https:\/\/api.w.org\/{rel}","templated":true}]}}