{"id":9269,"date":"2019-05-14T11:13:09","date_gmt":"2019-05-14T09:13:09","guid":{"rendered":"http:\/\/slivnica.splet.arnes.si\/?p=9269"},"modified":"2019-05-14T11:17:24","modified_gmt":"2019-05-14T09:17:24","slug":"pokloni-zvezek-2","status":"publish","type":"post","link":"https:\/\/www.os-slivnica.si\/?p=9269","title":{"rendered":"Pokloni zvezek"},"content":{"rendered":"<p>Osnovna \u0161ola Slivnica pri Celju tudi letos sodeluje pri akciji Karitas<strong> POKLONI ZVEZEK.<\/strong> S to akcijo se zbira zvezke za socialno ogro\u017eene otroke. \u0160olarje in njihove star\u0161e pa \u017eeli vzpodbuditi k solidarnosti s sovrstniki.<\/p>\n<p>Sodelujete lahko tako, da do <strong>7. 6. 2019<\/strong> prispevate en velik \u010drtan zvezek, lahko pa tudi ve\u010d, ki ga va\u0161 otrok prinese v \u0161olo razredniku ali pedagoginji. Pri njej lahko dobijo tudi sporo\u010dilno kartico, na katero napi\u0161ejo sporo\u010dilo otroku, ki bo dobil zvezek.<\/p>\n<p>Za sodelovanje v akciji se vam zahvaljujemo.<\/p>\n<p>\u0160olska pedagoginja<\/p>\n<p>Judita Leskov\u0161ek Andri\u010d<\/p>\n","protected":false},"excerpt":{"rendered":"<p>Osnovna \u0161ola Slivnica pri Celju tudi letos sodeluje pri akciji Karitas POKLONI ZVEZEK. S to akcijo se zbira zvezke za socialno ogro\u017eene otroke. \u0160olarje in njihove star\u0161e pa \u017eeli vzpodbuditi k solidarnosti s sovrstniki. Sodelujete lahko tako, da do 7. 6. 2019 prispevate en velik \u010drtan zvezek, lahko pa tudi ve\u010d, ki ga va\u0161 otrok [&hellip;]<\/p>\n","protected":false},"author":7100,"featured_media":0,"comment_status":"closed","ping_status":"closed","sticky":false,"template":"","format":"standard","meta":{"_et_pb_use_builder":"","_et_pb_old_content":"","_et_gb_content_width":"","ngg_post_thumbnail":0,"footnotes":"","_expiration-date-status":"","_expiration-date":0,"_expiration-date-type":"","_expiration-date-categories":[],"_expiration-date-options":[]},"categories":[9],"tags":[],"class_list":["post-9269","post","type-post","status-publish","format-standard","hentry","category-aktualno","et-doesnt-have-format-content","et_post_format-et-post-format-standard"],"_links":{"self":[{"href":"https:\/\/www.os-slivnica.si\/index.php?rest_route=\/wp\/v2\/posts\/9269","targetHints":{"allow":["GET"]}}],"collection":[{"href":"https:\/\/www.os-slivnica.si\/index.php?rest_route=\/wp\/v2\/posts"}],"about":[{"href":"https:\/\/www.os-slivnica.si\/index.php?rest_route=\/wp\/v2\/types\/post"}],"author":[{"embeddable":true,"href":"https:\/\/www.os-slivnica.si\/index.php?rest_route=\/wp\/v2\/users\/7100"}],"replies":[{"embeddable":true,"href":"https:\/\/www.os-slivnica.si\/index.php?rest_route=%2Fwp%2Fv2%2Fcomments&post=9269"}],"version-history":[{"count":3,"href":"https:\/\/www.os-slivnica.si\/index.php?rest_route=\/wp\/v2\/posts\/9269\/revisions"}],"predecessor-version":[{"id":9275,"href":"https:\/\/www.os-slivnica.si\/index.php?rest_route=\/wp\/v2\/posts\/9269\/revisions\/9275"}],"wp:attachment":[{"href":"https:\/\/www.os-slivnica.si\/index.php?rest_route=%2Fwp%2Fv2%2Fmedia&parent=9269"}],"wp:term":[{"taxonomy":"category","embeddable":true,"href":"https:\/\/www.os-slivnica.si\/index.php?rest_route=%2Fwp%2Fv2%2Fcategories&post=9269"},{"taxonomy":"post_tag","embeddable":true,"href":"https:\/\/www.os-slivnica.si\/index.php?rest_route=%2Fwp%2Fv2%2Ftags&post=9269"}],"curies":[{"name":"wp","href":"https:\/\/api.w.org\/{rel}","templated":true}]}}