{"id":9263,"date":"2019-05-13T12:27:10","date_gmt":"2019-05-13T10:27:10","guid":{"rendered":"http:\/\/slivnica.splet.arnes.si\/?p=9263"},"modified":"2019-05-13T12:27:10","modified_gmt":"2019-05-13T10:27:10","slug":"zbiranje-zamaskov","status":"publish","type":"post","link":"https:\/\/www.os-slivnica.si\/?p=9263","title":{"rendered":"Zbiranje zama\u0161kov"},"content":{"rendered":"<p>Dragi u\u010denci, u\u010ditelji, star\u0161i in vsi, ki ste v preteklih letih sodelovali pri zbiranju zama\u0161kov za dobrodelne namene.<\/p>\n<p>\u017dal vam moram sporo\u010diti, da trenutno v Sloveniji ni ve\u010d nikogar, ki bi odkupoval zama\u0161ke, zato bomo z na\u0161o akcijo (vsaj do nadaljnjega) kon\u010dali.<\/p>\n<p>Z akcijo zbiranja smo za\u010deli v \u0161olskem letu 2010\/2011 in do danes zbrali skoraj 3 tone zama\u0161kov (to\u010dno 2.954 kg), kar ni tako malo, \u0161e posebej, \u010de vemo, da tehta zama\u0161ek od ene plastenke le 3 grame!<\/p>\n<p>Zahvaljujem se vsem, ki ste vsa ta leta pridno zbirali zama\u0161ke in s tem ne samo pomagali pri marsikateri dobrodelni akciji, ampak ste prispevali tudi k \u010distej\u0161emu okolju.<\/p>\n<p>\u010ce pa se bo znova \u00a0pojavil kak\u0161en kupec zama\u0161kov, bomo akcijo ponovili in vas o tem obvestili na spletni strani na\u0161e \u0161ole.<\/p>\n<p>Varujmo na\u0161e okolje in ne pozabimo, da vsak odpadek, odlo\u017een na zanj namenjeno mesto, \u0161teje! Zato lo\u010dujmo odpadke, plastiko pa tam, kjer se le da, zamenjajmo z naravnimi materiali!<\/p>\n<p>\u0160olska pedagoginja Judita Leskov\u0161ek Andri\u010d<\/p>\n<p>&nbsp;<\/p>\n<p>&nbsp;<\/p>\n","protected":false},"excerpt":{"rendered":"<p>Dragi u\u010denci, u\u010ditelji, star\u0161i in vsi, ki ste v preteklih letih sodelovali pri zbiranju zama\u0161kov za dobrodelne namene. \u017dal vam moram sporo\u010diti, da trenutno v Sloveniji ni ve\u010d nikogar, ki bi odkupoval zama\u0161ke, zato bomo z na\u0161o akcijo (vsaj do nadaljnjega) kon\u010dali. Z akcijo zbiranja smo za\u010deli v \u0161olskem letu 2010\/2011 in do danes zbrali [&hellip;]<\/p>\n","protected":false},"author":7100,"featured_media":0,"comment_status":"closed","ping_status":"closed","sticky":false,"template":"","format":"standard","meta":{"_et_pb_use_builder":"","_et_pb_old_content":"","_et_gb_content_width":"","ngg_post_thumbnail":0,"footnotes":"","_expiration-date-status":"","_expiration-date":0,"_expiration-date-type":"","_expiration-date-categories":[],"_expiration-date-options":[]},"categories":[9],"tags":[],"class_list":["post-9263","post","type-post","status-publish","format-standard","hentry","category-aktualno","et-doesnt-have-format-content","et_post_format-et-post-format-standard"],"_links":{"self":[{"href":"https:\/\/www.os-slivnica.si\/index.php?rest_route=\/wp\/v2\/posts\/9263","targetHints":{"allow":["GET"]}}],"collection":[{"href":"https:\/\/www.os-slivnica.si\/index.php?rest_route=\/wp\/v2\/posts"}],"about":[{"href":"https:\/\/www.os-slivnica.si\/index.php?rest_route=\/wp\/v2\/types\/post"}],"author":[{"embeddable":true,"href":"https:\/\/www.os-slivnica.si\/index.php?rest_route=\/wp\/v2\/users\/7100"}],"replies":[{"embeddable":true,"href":"https:\/\/www.os-slivnica.si\/index.php?rest_route=%2Fwp%2Fv2%2Fcomments&post=9263"}],"version-history":[{"count":1,"href":"https:\/\/www.os-slivnica.si\/index.php?rest_route=\/wp\/v2\/posts\/9263\/revisions"}],"predecessor-version":[{"id":9265,"href":"https:\/\/www.os-slivnica.si\/index.php?rest_route=\/wp\/v2\/posts\/9263\/revisions\/9265"}],"wp:attachment":[{"href":"https:\/\/www.os-slivnica.si\/index.php?rest_route=%2Fwp%2Fv2%2Fmedia&parent=9263"}],"wp:term":[{"taxonomy":"category","embeddable":true,"href":"https:\/\/www.os-slivnica.si\/index.php?rest_route=%2Fwp%2Fv2%2Fcategories&post=9263"},{"taxonomy":"post_tag","embeddable":true,"href":"https:\/\/www.os-slivnica.si\/index.php?rest_route=%2Fwp%2Fv2%2Ftags&post=9263"}],"curies":[{"name":"wp","href":"https:\/\/api.w.org\/{rel}","templated":true}]}}