{"id":9253,"date":"2019-05-10T15:20:43","date_gmt":"2019-05-10T13:20:43","guid":{"rendered":"http:\/\/slivnica.splet.arnes.si\/?p=9253"},"modified":"2019-05-10T15:21:44","modified_gmt":"2019-05-10T13:21:44","slug":"obisk-gozdarja-na-prevorju-2","status":"publish","type":"post","link":"https:\/\/www.os-slivnica.si\/?p=9253","title":{"rendered":"Obisk gozdarja na Prevorju"},"content":{"rendered":"<p>V sredo, 8. maja, nas je obiskal <strong>gozdar z Zavoda za gozdove Slovenije.\u00a0<\/strong><br \/>\nMerili smo premere in vi\u0161ino dreves,\u00a0<span class=\"_5mfr\"><span class=\"_6qdm\">\ud83c\udf33<\/span><\/span>\u0161teli branike, raziskovali liste\u00a0<span class=\"_5mfr\"><span class=\"_6qdm\">\ud83c\udf3f<\/span><\/span>&#8230;<\/p>\n<p>Kon\u010dno smo dobili tudi odgovor na na\u0161e vpra\u0161anje: <em>Zakaj ima to drevo v na\u0161em gozdu narisano rde\u010do 86?<\/em><\/p>\n<div class=\"text_exposed_show\">\n<p>Bilo je zanimivo in pou\u010dno. Radi imamo obiske.<br \/>\n<a class=\"_58cn\" href=\"https:\/\/www.facebook.com\/hashtag\/prevorje?source=feed_text&amp;epa=HASHTAG&amp;__xts__%5B0%5D=68.ARAJ_411s7iinnIcrv1AxqYfkUXPKISt0BrCxR4vaC60bB-jSQK6eiXZ66ShFG47TlzxLWzmgXUb89IchpuXKbCzpQNXGtTxtI1glvPd5C5zon2j8WcwI_qcxAItVGncIlK1B_0EBBbIMzsAu2q402WYyERoINFU4MCmGGYLsnFRaVuOzz6fOi_r8kiBJWiyx-TbDiNvIHFeQfx_7xlUFfBzKaxjMa1ClOYJbMZ3-YhH4cKspVtvi-PQACdkwwYtcO_JRUDT0ocXaGPqSkuWJbRzKqXm4yY3qyr_IgcMeLobom9Ofq_JCGbIVEgKOas_KDWpluIZ7AKRmJAAIjCRcXk8Xg&amp;__tn__=%2ANK-R\"><span class=\"_5afx\"><span class=\"_58cl _5afz\">#<\/span><span class=\"_58cm\">prevorje<\/span><\/span><\/a>\u00a0<a class=\"_58cn\" href=\"https:\/\/www.facebook.com\/hashtag\/zavodzagozdoveslovenije?source=feed_text&amp;epa=HASHTAG&amp;__xts__%5B0%5D=68.ARAJ_411s7iinnIcrv1AxqYfkUXPKISt0BrCxR4vaC60bB-jSQK6eiXZ66ShFG47TlzxLWzmgXUb89IchpuXKbCzpQNXGtTxtI1glvPd5C5zon2j8WcwI_qcxAItVGncIlK1B_0EBBbIMzsAu2q402WYyERoINFU4MCmGGYLsnFRaVuOzz6fOi_r8kiBJWiyx-TbDiNvIHFeQfx_7xlUFfBzKaxjMa1ClOYJbMZ3-YhH4cKspVtvi-PQACdkwwYtcO_JRUDT0ocXaGPqSkuWJbRzKqXm4yY3qyr_IgcMeLobom9Ofq_JCGbIVEgKOas_KDWpluIZ7AKRmJAAIjCRcXk8Xg&amp;__tn__=%2ANK-R\"><span class=\"_5afx\"><span class=\"_58cl _5afz\">#<\/span><span class=\"_58cm\">zavodzagozdoveslovenije<\/span><\/span><\/a>\u00a0<a class=\"_58cn\" href=\"https:\/\/www.facebook.com\/hashtag\/gozdna%C5%A1ola?source=feed_text&amp;epa=HASHTAG&amp;__xts__%5B0%5D=68.ARAJ_411s7iinnIcrv1AxqYfkUXPKISt0BrCxR4vaC60bB-jSQK6eiXZ66ShFG47TlzxLWzmgXUb89IchpuXKbCzpQNXGtTxtI1glvPd5C5zon2j8WcwI_qcxAItVGncIlK1B_0EBBbIMzsAu2q402WYyERoINFU4MCmGGYLsnFRaVuOzz6fOi_r8kiBJWiyx-TbDiNvIHFeQfx_7xlUFfBzKaxjMa1ClOYJbMZ3-YhH4cKspVtvi-PQACdkwwYtcO_JRUDT0ocXaGPqSkuWJbRzKqXm4yY3qyr_IgcMeLobom9Ofq_JCGbIVEgKOas_KDWpluIZ7AKRmJAAIjCRcXk8Xg&amp;__tn__=%2ANK-R\"><span class=\"_5afx\"><span class=\"_58cl _5afz\">#<\/span><span class=\"_58cm\">gozdna\u0161ola<\/span><\/span><\/a><\/p>\nngg_shortcode_0_placeholder\n<\/div>\n","protected":false},"excerpt":{"rendered":"<p>V sredo, 8. maja, nas je obiskal gozdar z Zavoda za gozdove Slovenije.\u00a0 Merili smo premere in vi\u0161ino dreves,\u00a0\ud83c\udf33\u0161teli branike, raziskovali liste\u00a0\ud83c\udf3f&#8230; Kon\u010dno smo dobili tudi odgovor na na\u0161e vpra\u0161anje: Zakaj ima to drevo v na\u0161em gozdu narisano rde\u010do 86? Bilo je zanimivo in pou\u010dno. Radi imamo obiske. #prevorje\u00a0#zavodzagozdoveslovenije\u00a0#gozdna\u0161ola<\/p>\n","protected":false},"author":7958,"featured_media":0,"comment_status":"closed","ping_status":"closed","sticky":false,"template":"","format":"standard","meta":{"_et_pb_use_builder":"","_et_pb_old_content":"","_et_gb_content_width":"","ngg_post_thumbnail":0,"footnotes":"","_expiration-date-status":"","_expiration-date":0,"_expiration-date-type":"","_expiration-date-categories":[],"_expiration-date-options":[]},"categories":[9,11],"tags":[],"class_list":["post-9253","post","type-post","status-publish","format-standard","hentry","category-aktualno","category-ps-prevorje","et-doesnt-have-format-content","et_post_format-et-post-format-standard"],"_links":{"self":[{"href":"https:\/\/www.os-slivnica.si\/index.php?rest_route=\/wp\/v2\/posts\/9253","targetHints":{"allow":["GET"]}}],"collection":[{"href":"https:\/\/www.os-slivnica.si\/index.php?rest_route=\/wp\/v2\/posts"}],"about":[{"href":"https:\/\/www.os-slivnica.si\/index.php?rest_route=\/wp\/v2\/types\/post"}],"author":[{"embeddable":true,"href":"https:\/\/www.os-slivnica.si\/index.php?rest_route=\/wp\/v2\/users\/7958"}],"replies":[{"embeddable":true,"href":"https:\/\/www.os-slivnica.si\/index.php?rest_route=%2Fwp%2Fv2%2Fcomments&post=9253"}],"version-history":[{"count":2,"href":"https:\/\/www.os-slivnica.si\/index.php?rest_route=\/wp\/v2\/posts\/9253\/revisions"}],"predecessor-version":[{"id":9257,"href":"https:\/\/www.os-slivnica.si\/index.php?rest_route=\/wp\/v2\/posts\/9253\/revisions\/9257"}],"wp:attachment":[{"href":"https:\/\/www.os-slivnica.si\/index.php?rest_route=%2Fwp%2Fv2%2Fmedia&parent=9253"}],"wp:term":[{"taxonomy":"category","embeddable":true,"href":"https:\/\/www.os-slivnica.si\/index.php?rest_route=%2Fwp%2Fv2%2Fcategories&post=9253"},{"taxonomy":"post_tag","embeddable":true,"href":"https:\/\/www.os-slivnica.si\/index.php?rest_route=%2Fwp%2Fv2%2Ftags&post=9253"}],"curies":[{"name":"wp","href":"https:\/\/api.w.org\/{rel}","templated":true}]}}