{"id":9221,"date":"2019-05-09T08:42:10","date_gmt":"2019-05-09T06:42:10","guid":{"rendered":"http:\/\/slivnica.splet.arnes.si\/?p=9221"},"modified":"2019-05-09T08:42:10","modified_gmt":"2019-05-09T06:42:10","slug":"prvosolci-na-prevorju-postali-mladi-clani-rdecega-kriza","status":"publish","type":"post","link":"https:\/\/www.os-slivnica.si\/?p=9221","title":{"rendered":"Prvo\u0161olci na Prevorju postali mladi \u010dlani Rde\u010dega kri\u017ea"},"content":{"rendered":"<p><img decoding=\"async\" class=\"aligncenter\" src=\"https:\/\/encrypted-tbn0.gstatic.com\/images?q=tbn:ANd9GcQ2EW-qQu9m7GMPs3JPwNHwTg_ZXHbQ3YxVwPR8QuKW7plf1OKH\" alt=\"Povezana slika\" \/><\/p>\n<p>V tednu<em><strong> Rde\u010dega kri\u017ea<\/strong><\/em>, smo s kraj\u0161im kulturnim programom, <em><strong>prvo\u0161olce<\/strong><\/em> sprejeli med <em><strong>podmladkarje Rde\u010dega kri\u017ea.<\/strong><\/em><\/p>\n<p style=\"text-align: center\">ngg_shortcode_0_placeholder<\/p>\n","protected":false},"excerpt":{"rendered":"<p>V tednu Rde\u010dega kri\u017ea, smo s kraj\u0161im kulturnim programom, prvo\u0161olce sprejeli med podmladkarje Rde\u010dega kri\u017ea.<\/p>\n","protected":false},"author":6009,"featured_media":0,"comment_status":"closed","ping_status":"closed","sticky":false,"template":"","format":"standard","meta":{"_et_pb_use_builder":"","_et_pb_old_content":"","_et_gb_content_width":"","ngg_post_thumbnail":0,"footnotes":"","_expiration-date-status":"","_expiration-date":0,"_expiration-date-type":"","_expiration-date-categories":[],"_expiration-date-options":[]},"categories":[11],"tags":[],"class_list":["post-9221","post","type-post","status-publish","format-standard","hentry","category-ps-prevorje","et-doesnt-have-format-content","et_post_format-et-post-format-standard"],"_links":{"self":[{"href":"https:\/\/www.os-slivnica.si\/index.php?rest_route=\/wp\/v2\/posts\/9221","targetHints":{"allow":["GET"]}}],"collection":[{"href":"https:\/\/www.os-slivnica.si\/index.php?rest_route=\/wp\/v2\/posts"}],"about":[{"href":"https:\/\/www.os-slivnica.si\/index.php?rest_route=\/wp\/v2\/types\/post"}],"author":[{"embeddable":true,"href":"https:\/\/www.os-slivnica.si\/index.php?rest_route=\/wp\/v2\/users\/6009"}],"replies":[{"embeddable":true,"href":"https:\/\/www.os-slivnica.si\/index.php?rest_route=%2Fwp%2Fv2%2Fcomments&post=9221"}],"version-history":[{"count":1,"href":"https:\/\/www.os-slivnica.si\/index.php?rest_route=\/wp\/v2\/posts\/9221\/revisions"}],"predecessor-version":[{"id":9223,"href":"https:\/\/www.os-slivnica.si\/index.php?rest_route=\/wp\/v2\/posts\/9221\/revisions\/9223"}],"wp:attachment":[{"href":"https:\/\/www.os-slivnica.si\/index.php?rest_route=%2Fwp%2Fv2%2Fmedia&parent=9221"}],"wp:term":[{"taxonomy":"category","embeddable":true,"href":"https:\/\/www.os-slivnica.si\/index.php?rest_route=%2Fwp%2Fv2%2Fcategories&post=9221"},{"taxonomy":"post_tag","embeddable":true,"href":"https:\/\/www.os-slivnica.si\/index.php?rest_route=%2Fwp%2Fv2%2Ftags&post=9221"}],"curies":[{"name":"wp","href":"https:\/\/api.w.org\/{rel}","templated":true}]}}