{"id":9215,"date":"2019-05-08T09:43:36","date_gmt":"2019-05-08T07:43:36","guid":{"rendered":"http:\/\/slivnica.splet.arnes.si\/?p=9215"},"modified":"2019-05-08T09:43:36","modified_gmt":"2019-05-08T07:43:36","slug":"edukacijska-delavnica-na-temo-nasel-sem-drogo-pri-mladostniku-kaj-sedaj-za-starse-in-druge-zainteresirane","status":"publish","type":"post","link":"https:\/\/www.os-slivnica.si\/?p=9215","title":{"rendered":"Edukacijska delavnica na temo: &#8220;Na\u0161el sem drogo pri mladostniku &#8211; kaj sedaj?&#8221;, za star\u0161e in druge zainteresirane"},"content":{"rendered":"<p>Spo\u0161tovani star\u0161i in ostali!<\/p>\n<p>Na In\u0161titutu VIR opa\u017eamo v zadnjih letih trend dodatnega pove\u010danega iskanja pomo\u010di konec koledarskega leta in proti koncu \u0161olskega leta.<\/p>\n<p>Zato smo v mesecu januarju \u017ee izvedli edukacijsko delavnico na temo: <strong><u>&#8220;Na\u0161el sem drogo pri mladostniku &#8211; kaj sedaj?&#8221;.<\/u><\/strong> Odziv na delavnico je bil zelo dober.<br \/>\nDne<strong><u> 13.5.2019 ob 18.30 uri<\/u><\/strong> bomo edukacijsko delavnico ponovili.<\/p>\n<p>Vljudno <strong>vabljeni<u> star\u0161i <\/u>zadnje triade O\u0160 in star\u0161i srednje\u0161olcev, <\/strong>ki se soo\u010dajo z zaznavanjem tovrstnih te\u017eav pri svojem mladostniku, da se udele\u017eijo delavnice na to temo. Zaradi omejenega prostora na In\u0161titutu VIR vas prosimo za<strong><u> predhodne prijave,<\/u><\/strong> ki so mo\u017ene na: <a href=\"mailto:mbozic@institut-vir.si\">mbozic@institut-vir.si<\/a> ali 031 288 827. V kolikor bo interes velik, bomo delavnico tudi ponovili.<\/p>\n<p>Delavnico bo izvedla strokovna vodja programa, Minka Jazbin\u0161ek, univ.dipl.soc. delavka, s 16 leti delovnih izku\u0161enj na podro\u010dju rehabilitacije zasvojenosti od prepovedanih drog.<\/p>\n<p>Lep pozdrav, strokovni tim In\u0161tituta VIR<\/p>\n<p>Anita Leskov\u0161ek Feldin, univ. dipl. soc. del.<\/p>\n<p>v. d. direktorice<\/p>\n<p>In\u0161titut VIR, socialna rehabilitacija, raziskovanje in razvoj, zavod<\/p>\n<p>Vrun\u010deva 9, Celje<\/p>\n<p>Tel: 03\/490 00 24<\/p>\n<p>03\/490 00 25<\/p>\n<p>031 288 827<\/p>\n<p><a href=\"mailto:vir@institut-vir.si\">vir@institut-vir.si<\/a><\/p>\n","protected":false},"excerpt":{"rendered":"<p>Spo\u0161tovani star\u0161i in ostali! Na In\u0161titutu VIR opa\u017eamo v zadnjih letih trend dodatnega pove\u010danega iskanja pomo\u010di konec koledarskega leta in proti koncu \u0161olskega leta. Zato smo v mesecu januarju \u017ee izvedli edukacijsko delavnico na temo: &#8220;Na\u0161el sem drogo pri mladostniku &#8211; kaj sedaj?&#8221;. Odziv na delavnico je bil zelo dober. Dne 13.5.2019 ob 18.30 uri [&hellip;]<\/p>\n","protected":false},"author":7100,"featured_media":0,"comment_status":"closed","ping_status":"closed","sticky":false,"template":"","format":"standard","meta":{"_et_pb_use_builder":"","_et_pb_old_content":"","_et_gb_content_width":"","ngg_post_thumbnail":0,"footnotes":"","_expiration-date-status":"","_expiration-date":0,"_expiration-date-type":"","_expiration-date-categories":[],"_expiration-date-options":[]},"categories":[9],"tags":[],"class_list":["post-9215","post","type-post","status-publish","format-standard","hentry","category-aktualno","et-doesnt-have-format-content","et_post_format-et-post-format-standard"],"_links":{"self":[{"href":"https:\/\/www.os-slivnica.si\/index.php?rest_route=\/wp\/v2\/posts\/9215","targetHints":{"allow":["GET"]}}],"collection":[{"href":"https:\/\/www.os-slivnica.si\/index.php?rest_route=\/wp\/v2\/posts"}],"about":[{"href":"https:\/\/www.os-slivnica.si\/index.php?rest_route=\/wp\/v2\/types\/post"}],"author":[{"embeddable":true,"href":"https:\/\/www.os-slivnica.si\/index.php?rest_route=\/wp\/v2\/users\/7100"}],"replies":[{"embeddable":true,"href":"https:\/\/www.os-slivnica.si\/index.php?rest_route=%2Fwp%2Fv2%2Fcomments&post=9215"}],"version-history":[{"count":1,"href":"https:\/\/www.os-slivnica.si\/index.php?rest_route=\/wp\/v2\/posts\/9215\/revisions"}],"predecessor-version":[{"id":9217,"href":"https:\/\/www.os-slivnica.si\/index.php?rest_route=\/wp\/v2\/posts\/9215\/revisions\/9217"}],"wp:attachment":[{"href":"https:\/\/www.os-slivnica.si\/index.php?rest_route=%2Fwp%2Fv2%2Fmedia&parent=9215"}],"wp:term":[{"taxonomy":"category","embeddable":true,"href":"https:\/\/www.os-slivnica.si\/index.php?rest_route=%2Fwp%2Fv2%2Fcategories&post=9215"},{"taxonomy":"post_tag","embeddable":true,"href":"https:\/\/www.os-slivnica.si\/index.php?rest_route=%2Fwp%2Fv2%2Ftags&post=9215"}],"curies":[{"name":"wp","href":"https:\/\/api.w.org\/{rel}","templated":true}]}}