{"id":9157,"date":"2019-04-26T11:26:38","date_gmt":"2019-04-26T09:26:38","guid":{"rendered":"http:\/\/slivnica.splet.arnes.si\/?p=9157"},"modified":"2019-04-26T12:05:37","modified_gmt":"2019-04-26T10:05:37","slug":"pozdrav-svobodi-in-delu-proslava-v-gorici","status":"publish","type":"post","link":"https:\/\/www.os-slivnica.si\/?p=9157","title":{"rendered":"Pozdrav svobodi in delu &#8211; proslava v Gorici"},"content":{"rendered":"<p>Pozdrav svobodi in delu smo naslovili proslavo ob dnevu upora proti okupatorju in prazniku dela, ki smo jo izvedli v petek, 25. aprila 2019, v \u0161olski telovadnici. U\u010denci od 2. do 9. razreda so razmi\u0161ljali, kaj jim pomeni svoboda in kaj je delo, svoje misli zapisali in nekateri so jih sami prebrali, druge so bile predstavljene na projekciji, nekaj pa jih lahko prebiramo ob vstopu v \u0161olske prostore.<br \/>\nZa pesmi sta poskrbela <a href=\"http:\/\/pevski-zbori-slivnica.splet.arnes.si\/2019\/04\/26\/pozdrav-svobodi-in-delu\/\" target=\"_blank\">oba pevska zbora<\/a>, z glasbili so se predstavili mladi glasbeniki: \u010detrto\u0161olec Nik, peto\u0161olci Maj, Jan in Jasmin, \u0161esto\u0161olci Kristina, Rebeka in Benjamin.<br \/>\nNajbolj pa nas je navdu\u0161ila Leja Planko, ki je svoje razmi\u0161ljanje o svobodi zaklju\u010dila z besedami: &#8220;Poglejmo po svetu. Otroci umirajo od lakote. Njihovo \u017eivljenje je \u017eivljenje na ulici. Otroci na\u0161ih let na ramah nosijo pu\u0161ke. Drugi trdo delajo, da pomagajo pre\u017eiveti dru\u017eino.\u00a0 Ali se mi RES lahko prito\u017eujemo? Zagotovo ne. Lahko se la zahvalimo, da smo se rodili tu, kjer smo. Poskrbimo raje, da bo svet lep\u0161i. Sprejmimo drug drugega, ne glede na raso, vero, mi\u0161ljenje\u2026. Vsi smo kljub razlikam ena in ista vrsta &#8211; LJUDJE.&#8221;ngg_shortcode_0_placeholder<\/p>\n<p>&nbsp;<\/p>\n","protected":false},"excerpt":{"rendered":"<p>Pozdrav svobodi in delu smo naslovili proslavo ob dnevu upora proti okupatorju in prazniku dela, ki smo jo izvedli v petek, 25. aprila 2019, v \u0161olski telovadnici. U\u010denci od 2. do 9. razreda so razmi\u0161ljali, kaj jim pomeni svoboda in kaj je delo, svoje misli zapisali in nekateri so jih sami prebrali, druge so bile [&hellip;]<\/p>\n","protected":false},"author":5703,"featured_media":0,"comment_status":"closed","ping_status":"closed","sticky":false,"template":"","format":"standard","meta":{"_et_pb_use_builder":"","_et_pb_old_content":"","_et_gb_content_width":"","ngg_post_thumbnail":0,"footnotes":"","_expiration-date-status":"","_expiration-date":0,"_expiration-date-type":"","_expiration-date-categories":[],"_expiration-date-options":[]},"categories":[9],"tags":[],"class_list":["post-9157","post","type-post","status-publish","format-standard","hentry","category-aktualno","et-doesnt-have-format-content","et_post_format-et-post-format-standard"],"_links":{"self":[{"href":"https:\/\/www.os-slivnica.si\/index.php?rest_route=\/wp\/v2\/posts\/9157","targetHints":{"allow":["GET"]}}],"collection":[{"href":"https:\/\/www.os-slivnica.si\/index.php?rest_route=\/wp\/v2\/posts"}],"about":[{"href":"https:\/\/www.os-slivnica.si\/index.php?rest_route=\/wp\/v2\/types\/post"}],"author":[{"embeddable":true,"href":"https:\/\/www.os-slivnica.si\/index.php?rest_route=\/wp\/v2\/users\/5703"}],"replies":[{"embeddable":true,"href":"https:\/\/www.os-slivnica.si\/index.php?rest_route=%2Fwp%2Fv2%2Fcomments&post=9157"}],"version-history":[{"count":5,"href":"https:\/\/www.os-slivnica.si\/index.php?rest_route=\/wp\/v2\/posts\/9157\/revisions"}],"predecessor-version":[{"id":9171,"href":"https:\/\/www.os-slivnica.si\/index.php?rest_route=\/wp\/v2\/posts\/9157\/revisions\/9171"}],"wp:attachment":[{"href":"https:\/\/www.os-slivnica.si\/index.php?rest_route=%2Fwp%2Fv2%2Fmedia&parent=9157"}],"wp:term":[{"taxonomy":"category","embeddable":true,"href":"https:\/\/www.os-slivnica.si\/index.php?rest_route=%2Fwp%2Fv2%2Fcategories&post=9157"},{"taxonomy":"post_tag","embeddable":true,"href":"https:\/\/www.os-slivnica.si\/index.php?rest_route=%2Fwp%2Fv2%2Ftags&post=9157"}],"curies":[{"name":"wp","href":"https:\/\/api.w.org\/{rel}","templated":true}]}}