{"id":9149,"date":"2019-04-26T10:57:20","date_gmt":"2019-04-26T08:57:20","guid":{"rendered":"http:\/\/slivnica.splet.arnes.si\/?p=9149"},"modified":"2019-04-26T10:57:20","modified_gmt":"2019-04-26T08:57:20","slug":"proslava-ob-dnevu-upora-proti-okupatorju-in-prazniku-dela-v-loki-pri-zusmu","status":"publish","type":"post","link":"https:\/\/www.os-slivnica.si\/?p=9149","title":{"rendered":"Proslava ob dnevu upora proti okupatorju in prazniku dela v Loki pri \u017dusmu"},"content":{"rendered":"<p>Na\u0161a \u010detica koraka,<br \/>\nstrumno in veselo,<br \/>\ndrug za drugim v ravni vrsti,<br \/>\nzdaj gremo na delo.<\/p>\n<p>Ker se bli\u017eajo po\u010ditnice in prazniki, smo z u\u010denci v petek, 26. 4. 2019, imeli proslavo ob dnevu upora proti okupatorju in prazniku dela. U\u010denci so osve\u017eili spomin kaj na ta dneva praznujemo in zakaj. Nastopil je pevski zbor ter u\u010denci z deklamacijami in veznim besedilom.<\/p>\nngg_shortcode_0_placeholder\n","protected":false},"excerpt":{"rendered":"<p>Na\u0161a \u010detica koraka, strumno in veselo, drug za drugim v ravni vrsti, zdaj gremo na delo. Ker se bli\u017eajo po\u010ditnice in prazniki, smo z u\u010denci v petek, 26. 4. 2019, imeli proslavo ob dnevu upora proti okupatorju in prazniku dela. U\u010denci so osve\u017eili spomin kaj na ta dneva praznujemo in zakaj. Nastopil je pevski zbor [&hellip;]<\/p>\n","protected":false},"author":6080,"featured_media":0,"comment_status":"closed","ping_status":"closed","sticky":false,"template":"","format":"standard","meta":{"_et_pb_use_builder":"","_et_pb_old_content":"","_et_gb_content_width":"","ngg_post_thumbnail":0,"footnotes":"","_expiration-date-status":"","_expiration-date":0,"_expiration-date-type":"","_expiration-date-categories":[],"_expiration-date-options":[]},"categories":[10],"tags":[],"class_list":["post-9149","post","type-post","status-publish","format-standard","hentry","category-ps-loka","et-doesnt-have-format-content","et_post_format-et-post-format-standard"],"_links":{"self":[{"href":"https:\/\/www.os-slivnica.si\/index.php?rest_route=\/wp\/v2\/posts\/9149","targetHints":{"allow":["GET"]}}],"collection":[{"href":"https:\/\/www.os-slivnica.si\/index.php?rest_route=\/wp\/v2\/posts"}],"about":[{"href":"https:\/\/www.os-slivnica.si\/index.php?rest_route=\/wp\/v2\/types\/post"}],"author":[{"embeddable":true,"href":"https:\/\/www.os-slivnica.si\/index.php?rest_route=\/wp\/v2\/users\/6080"}],"replies":[{"embeddable":true,"href":"https:\/\/www.os-slivnica.si\/index.php?rest_route=%2Fwp%2Fv2%2Fcomments&post=9149"}],"version-history":[{"count":1,"href":"https:\/\/www.os-slivnica.si\/index.php?rest_route=\/wp\/v2\/posts\/9149\/revisions"}],"predecessor-version":[{"id":9151,"href":"https:\/\/www.os-slivnica.si\/index.php?rest_route=\/wp\/v2\/posts\/9149\/revisions\/9151"}],"wp:attachment":[{"href":"https:\/\/www.os-slivnica.si\/index.php?rest_route=%2Fwp%2Fv2%2Fmedia&parent=9149"}],"wp:term":[{"taxonomy":"category","embeddable":true,"href":"https:\/\/www.os-slivnica.si\/index.php?rest_route=%2Fwp%2Fv2%2Fcategories&post=9149"},{"taxonomy":"post_tag","embeddable":true,"href":"https:\/\/www.os-slivnica.si\/index.php?rest_route=%2Fwp%2Fv2%2Ftags&post=9149"}],"curies":[{"name":"wp","href":"https:\/\/api.w.org\/{rel}","templated":true}]}}