{"id":9081,"date":"2019-04-16T21:22:59","date_gmt":"2019-04-16T19:22:59","guid":{"rendered":"http:\/\/slivnica.splet.arnes.si\/?p=9081"},"modified":"2019-04-16T21:30:28","modified_gmt":"2019-04-16T19:30:28","slug":"prevorski-ucenci-razstavljajo-na-gradu-podsreda","status":"publish","type":"post","link":"https:\/\/www.os-slivnica.si\/?p=9081","title":{"rendered":"Prevorski u\u010denci razstavljajo na gradu Podsreda"},"content":{"rendered":"<p style=\"font-weight: 400\">V torek, 16. aprila 2019, smo se udele\u017eili <strong>odprtja\u00a0fotografske razstave\u00a0na gradu Podsreda<\/strong> v sklopu praznovanja <strong>dneva zemlje. Razstava\u00a0<\/strong>udele\u017eencev fotografskega nate\u010daja \u201cKozjansko 2018\u201d vsebuje fotografije avtorjev do 15 let in odraslih.<\/p>\n<p style=\"font-weight: 400\">Dogodek je na za\u010detku popestrila gledali\u0161ka skupina Lesko O\u0160 Lesi\u010dno z igro \u00bbV Kozjanskem raju\u00ab. Nato so razglasili rezultate ter podelili priznanja in nagradi najbolj\u0161im fotografom. <strong>Sodelovalo <\/strong>je<strong> 13 otrok s P\u0160 Prevorje <\/strong>in kar<strong> 5 <\/strong>jih je dobilo<strong> priznanja. Maj Dimec<\/strong> je bil izbran za najbolj\u0161ega avtorja do 15 let.<\/p>\n<p style=\"font-weight: 400\">Vsi sodelujo\u010di imajo\u00a0razstavljeno vsaj eno fotografijo. Iskrene \u010destitke.<\/p>\n<p style=\"font-weight: 400\"><strong>\u00a0Vljudno vabljeni, <\/strong>da si razstavo ogledate.<\/p>\n<p style=\"font-weight: 400\">ngg_shortcode_0_placeholder<\/p>\n","protected":false},"excerpt":{"rendered":"<p>V torek, 16. aprila 2019, smo se udele\u017eili odprtja\u00a0fotografske razstave\u00a0na gradu Podsreda v sklopu praznovanja dneva zemlje. Razstava\u00a0udele\u017eencev fotografskega nate\u010daja \u201cKozjansko 2018\u201d vsebuje fotografije avtorjev do 15 let in odraslih. Dogodek je na za\u010detku popestrila gledali\u0161ka skupina Lesko O\u0160 Lesi\u010dno z igro \u00bbV Kozjanskem raju\u00ab. Nato so razglasili rezultate ter podelili priznanja in nagradi najbolj\u0161im [&hellip;]<\/p>\n","protected":false},"author":7958,"featured_media":0,"comment_status":"closed","ping_status":"closed","sticky":false,"template":"","format":"standard","meta":{"_et_pb_use_builder":"","_et_pb_old_content":"","_et_gb_content_width":"","ngg_post_thumbnail":0,"footnotes":"","_expiration-date-status":"","_expiration-date":0,"_expiration-date-type":"","_expiration-date-categories":[],"_expiration-date-options":[]},"categories":[9,11],"tags":[],"class_list":["post-9081","post","type-post","status-publish","format-standard","hentry","category-aktualno","category-ps-prevorje","et-doesnt-have-format-content","et_post_format-et-post-format-standard"],"_links":{"self":[{"href":"https:\/\/www.os-slivnica.si\/index.php?rest_route=\/wp\/v2\/posts\/9081","targetHints":{"allow":["GET"]}}],"collection":[{"href":"https:\/\/www.os-slivnica.si\/index.php?rest_route=\/wp\/v2\/posts"}],"about":[{"href":"https:\/\/www.os-slivnica.si\/index.php?rest_route=\/wp\/v2\/types\/post"}],"author":[{"embeddable":true,"href":"https:\/\/www.os-slivnica.si\/index.php?rest_route=\/wp\/v2\/users\/7958"}],"replies":[{"embeddable":true,"href":"https:\/\/www.os-slivnica.si\/index.php?rest_route=%2Fwp%2Fv2%2Fcomments&post=9081"}],"version-history":[{"count":2,"href":"https:\/\/www.os-slivnica.si\/index.php?rest_route=\/wp\/v2\/posts\/9081\/revisions"}],"predecessor-version":[{"id":9085,"href":"https:\/\/www.os-slivnica.si\/index.php?rest_route=\/wp\/v2\/posts\/9081\/revisions\/9085"}],"wp:attachment":[{"href":"https:\/\/www.os-slivnica.si\/index.php?rest_route=%2Fwp%2Fv2%2Fmedia&parent=9081"}],"wp:term":[{"taxonomy":"category","embeddable":true,"href":"https:\/\/www.os-slivnica.si\/index.php?rest_route=%2Fwp%2Fv2%2Fcategories&post=9081"},{"taxonomy":"post_tag","embeddable":true,"href":"https:\/\/www.os-slivnica.si\/index.php?rest_route=%2Fwp%2Fv2%2Ftags&post=9081"}],"curies":[{"name":"wp","href":"https:\/\/api.w.org\/{rel}","templated":true}]}}