{"id":8987,"date":"2019-04-03T21:11:03","date_gmt":"2019-04-03T19:11:03","guid":{"rendered":"http:\/\/slivnica.splet.arnes.si\/?p=8987"},"modified":"2019-04-03T21:11:03","modified_gmt":"2019-04-03T19:11:03","slug":"turizmu-pomaga-lastna-glava","status":"publish","type":"post","link":"https:\/\/www.os-slivnica.si\/?p=8987","title":{"rendered":"Turizmu pomaga lastna glava"},"content":{"rendered":"<p>U\u010denci turisti\u010dnega kro\u017eka se bomo v torek 9. aprila predstavili na <a href=\"http:\/\/slivnica.splet.arnes.si\/files\/2019\/04\/vabiloTSvelenje.pdf\">turisti\u010dni tr\u017enici<\/a>, ki bo\u00a0v Mercator centru Velenje. Tema leto\u0161njega tekmovanja je &#8220;Turisti\u010dni spominek mojega kraja&#8221;.<\/p>\n<p>Izdelali smo raziskovalno nalogo z naslovom PRAZNIK SLIV-nice, v kateri smo predstavili\u00a0turisti\u010dni spominek, ki smo si ga zamislili in ga tudi izdelali. Ve\u010d o spominku in programu, ki smo ga oblikovali lahko preberete v na\u0161i <a href=\"http:\/\/slivnica.splet.arnes.si\/files\/2019\/04\/praznik_sliv.pdf\">raziskovalni nalogi<\/a>.<\/p>\n","protected":false},"excerpt":{"rendered":"<p>U\u010denci turisti\u010dnega kro\u017eka se bomo v torek 9. aprila predstavili na turisti\u010dni tr\u017enici, ki bo\u00a0v Mercator centru Velenje. Tema leto\u0161njega tekmovanja je &#8220;Turisti\u010dni spominek mojega kraja&#8221;. Izdelali smo raziskovalno nalogo z naslovom PRAZNIK SLIV-nice, v kateri smo predstavili\u00a0turisti\u010dni spominek, ki smo si ga zamislili in ga tudi izdelali. Ve\u010d o spominku in programu, ki smo [&hellip;]<\/p>\n","protected":false},"author":6068,"featured_media":0,"comment_status":"closed","ping_status":"closed","sticky":false,"template":"","format":"standard","meta":{"_et_pb_use_builder":"","_et_pb_old_content":"","_et_gb_content_width":"","ngg_post_thumbnail":0,"footnotes":"","_expiration-date-status":"","_expiration-date":0,"_expiration-date-type":"","_expiration-date-categories":[],"_expiration-date-options":[]},"categories":[9],"tags":[],"class_list":["post-8987","post","type-post","status-publish","format-standard","hentry","category-aktualno","et-doesnt-have-format-content","et_post_format-et-post-format-standard"],"_links":{"self":[{"href":"https:\/\/www.os-slivnica.si\/index.php?rest_route=\/wp\/v2\/posts\/8987","targetHints":{"allow":["GET"]}}],"collection":[{"href":"https:\/\/www.os-slivnica.si\/index.php?rest_route=\/wp\/v2\/posts"}],"about":[{"href":"https:\/\/www.os-slivnica.si\/index.php?rest_route=\/wp\/v2\/types\/post"}],"author":[{"embeddable":true,"href":"https:\/\/www.os-slivnica.si\/index.php?rest_route=\/wp\/v2\/users\/6068"}],"replies":[{"embeddable":true,"href":"https:\/\/www.os-slivnica.si\/index.php?rest_route=%2Fwp%2Fv2%2Fcomments&post=8987"}],"version-history":[{"count":1,"href":"https:\/\/www.os-slivnica.si\/index.php?rest_route=\/wp\/v2\/posts\/8987\/revisions"}],"predecessor-version":[{"id":8993,"href":"https:\/\/www.os-slivnica.si\/index.php?rest_route=\/wp\/v2\/posts\/8987\/revisions\/8993"}],"wp:attachment":[{"href":"https:\/\/www.os-slivnica.si\/index.php?rest_route=%2Fwp%2Fv2%2Fmedia&parent=8987"}],"wp:term":[{"taxonomy":"category","embeddable":true,"href":"https:\/\/www.os-slivnica.si\/index.php?rest_route=%2Fwp%2Fv2%2Fcategories&post=8987"},{"taxonomy":"post_tag","embeddable":true,"href":"https:\/\/www.os-slivnica.si\/index.php?rest_route=%2Fwp%2Fv2%2Ftags&post=8987"}],"curies":[{"name":"wp","href":"https:\/\/api.w.org\/{rel}","templated":true}]}}