{"id":8907,"date":"2019-03-25T13:26:13","date_gmt":"2019-03-25T12:26:13","guid":{"rendered":"http:\/\/slivnica.splet.arnes.si\/?p=8907"},"modified":"2019-03-25T13:26:13","modified_gmt":"2019-03-25T12:26:13","slug":"sopek-srece-za-mamice","status":"publish","type":"post","link":"https:\/\/www.os-slivnica.si\/?p=8907","title":{"rendered":"\u0160opek sre\u010de za mamice"},"content":{"rendered":"<p>V \u010detrtek, 21. 3. 2019 je v KD v Gorici pri Slivnici potekala prireditev \u0160opek sre\u010de. Otroci so s svojimi nastopi pri\u010darali nasmehe na obraze svojih mamic, babic in tudi marsikateremu o\u010detu. Ve\u010d o sami prireditvi je zapisano na povezavi\u00a0<a href=\"http:\/\/www.sentjur.net\/mamicam-podarili-sopek-srece-2\/\">http:\/\/www.sentjur.net\/mamicam-podarili-sopek-srece-2\/<\/a>. Na tej povezavi\u00a0pa si lahko ogledate tudi nekaj \u010dudovitih utrinkov iz same prireditve.<\/p>\n<p><a href=\"http:\/\/slivnica.splet.arnes.si\/files\/2019\/03\/DSC04185.jpg\"><img loading=\"lazy\" decoding=\"async\" class=\"alignnone size-medium wp-image-8909\" src=\"http:\/\/slivnica.splet.arnes.si\/files\/2019\/03\/DSC04185-300x225.jpg\" alt=\"\" width=\"300\" height=\"225\" srcset=\"https:\/\/www.os-slivnica.si\/files\/2019\/03\/DSC04185-300x225.jpg 300w, https:\/\/www.os-slivnica.si\/files\/2019\/03\/DSC04185-768x576.jpg 768w, https:\/\/www.os-slivnica.si\/files\/2019\/03\/DSC04185-1024x768.jpg 1024w, https:\/\/www.os-slivnica.si\/files\/2019\/03\/DSC04185-510x382.jpg 510w, https:\/\/www.os-slivnica.si\/files\/2019\/03\/DSC04185-1080x810.jpg 1080w\" sizes=\"(max-width: 300px) 100vw, 300px\" \/><\/a><\/p>\n","protected":false},"excerpt":{"rendered":"<p>V \u010detrtek, 21. 3. 2019 je v KD v Gorici pri Slivnici potekala prireditev \u0160opek sre\u010de. Otroci so s svojimi nastopi pri\u010darali nasmehe na obraze svojih mamic, babic in tudi marsikateremu o\u010detu. Ve\u010d o sami prireditvi je zapisano na povezavi\u00a0http:\/\/www.sentjur.net\/mamicam-podarili-sopek-srece-2\/. Na tej povezavi\u00a0pa si lahko ogledate tudi nekaj \u010dudovitih utrinkov iz same prireditve.<\/p>\n","protected":false},"author":25171,"featured_media":0,"comment_status":"closed","ping_status":"closed","sticky":false,"template":"","format":"standard","meta":{"_et_pb_use_builder":"","_et_pb_old_content":"","_et_gb_content_width":"","ngg_post_thumbnail":0,"footnotes":"","_expiration-date-status":"","_expiration-date":0,"_expiration-date-type":"","_expiration-date-categories":[],"_expiration-date-options":[]},"categories":[9],"tags":[],"class_list":["post-8907","post","type-post","status-publish","format-standard","hentry","category-aktualno","et-doesnt-have-format-content","et_post_format-et-post-format-standard"],"_links":{"self":[{"href":"https:\/\/www.os-slivnica.si\/index.php?rest_route=\/wp\/v2\/posts\/8907","targetHints":{"allow":["GET"]}}],"collection":[{"href":"https:\/\/www.os-slivnica.si\/index.php?rest_route=\/wp\/v2\/posts"}],"about":[{"href":"https:\/\/www.os-slivnica.si\/index.php?rest_route=\/wp\/v2\/types\/post"}],"author":[{"embeddable":true,"href":"https:\/\/www.os-slivnica.si\/index.php?rest_route=\/wp\/v2\/users\/25171"}],"replies":[{"embeddable":true,"href":"https:\/\/www.os-slivnica.si\/index.php?rest_route=%2Fwp%2Fv2%2Fcomments&post=8907"}],"version-history":[{"count":3,"href":"https:\/\/www.os-slivnica.si\/index.php?rest_route=\/wp\/v2\/posts\/8907\/revisions"}],"predecessor-version":[{"id":8915,"href":"https:\/\/www.os-slivnica.si\/index.php?rest_route=\/wp\/v2\/posts\/8907\/revisions\/8915"}],"wp:attachment":[{"href":"https:\/\/www.os-slivnica.si\/index.php?rest_route=%2Fwp%2Fv2%2Fmedia&parent=8907"}],"wp:term":[{"taxonomy":"category","embeddable":true,"href":"https:\/\/www.os-slivnica.si\/index.php?rest_route=%2Fwp%2Fv2%2Fcategories&post=8907"},{"taxonomy":"post_tag","embeddable":true,"href":"https:\/\/www.os-slivnica.si\/index.php?rest_route=%2Fwp%2Fv2%2Ftags&post=8907"}],"curies":[{"name":"wp","href":"https:\/\/api.w.org\/{rel}","templated":true}]}}