{"id":8825,"date":"2019-03-17T21:48:36","date_gmt":"2019-03-17T20:48:36","guid":{"rendered":"http:\/\/slivnica.splet.arnes.si\/?p=8825"},"modified":"2019-03-17T21:48:36","modified_gmt":"2019-03-17T20:48:36","slug":"drugosolci-in-marcevski-prazniki","status":"publish","type":"post","link":"https:\/\/www.os-slivnica.si\/?p=8825","title":{"rendered":"Drugo\u0161olci in mar\u010devski prazniki&#8230;"},"content":{"rendered":"<p>Mesec marec je prazni\u010dni mesec, pa \u010deprav nismo zaradi teh praznikov prosti. Praznovale so \u017eene in mo\u017eje. Praznovale bodo mamice, babice, tete, botrce&#8230;<\/p>\n<p>Drugo\u0161olci v Gorici smo se ob teh praznikih spomnili predvsem na tiste, ki jih imamo zelo radi. Izdelali smo jim ro\u017eice, zgubali kravate in pripravili ogrlice. Ob delu smo se trudili, zabavali in veselili, pa tudi sodelovali in se u\u010dili. Ve\u010d pa v ngg_shortcode_0_placeholder&#8230;<\/p>\n","protected":false},"excerpt":{"rendered":"<p>Mesec marec je prazni\u010dni mesec, pa \u010deprav nismo zaradi teh praznikov prosti. Praznovale so \u017eene in mo\u017eje. Praznovale bodo mamice, babice, tete, botrce&#8230; Drugo\u0161olci v Gorici smo se ob teh praznikih spomnili predvsem na tiste, ki jih imamo zelo radi. Izdelali smo jim ro\u017eice, zgubali kravate in pripravili ogrlice. Ob delu smo se trudili, zabavali [&hellip;]<\/p>\n","protected":false},"author":7519,"featured_media":0,"comment_status":"closed","ping_status":"closed","sticky":false,"template":"","format":"standard","meta":{"_et_pb_use_builder":"","_et_pb_old_content":"","_et_gb_content_width":"","ngg_post_thumbnail":0,"footnotes":"","_expiration-date-status":"","_expiration-date":0,"_expiration-date-type":"","_expiration-date-categories":[],"_expiration-date-options":[]},"categories":[9],"tags":[],"class_list":["post-8825","post","type-post","status-publish","format-standard","hentry","category-aktualno","et-doesnt-have-format-content","et_post_format-et-post-format-standard"],"_links":{"self":[{"href":"https:\/\/www.os-slivnica.si\/index.php?rest_route=\/wp\/v2\/posts\/8825","targetHints":{"allow":["GET"]}}],"collection":[{"href":"https:\/\/www.os-slivnica.si\/index.php?rest_route=\/wp\/v2\/posts"}],"about":[{"href":"https:\/\/www.os-slivnica.si\/index.php?rest_route=\/wp\/v2\/types\/post"}],"author":[{"embeddable":true,"href":"https:\/\/www.os-slivnica.si\/index.php?rest_route=\/wp\/v2\/users\/7519"}],"replies":[{"embeddable":true,"href":"https:\/\/www.os-slivnica.si\/index.php?rest_route=%2Fwp%2Fv2%2Fcomments&post=8825"}],"version-history":[{"count":4,"href":"https:\/\/www.os-slivnica.si\/index.php?rest_route=\/wp\/v2\/posts\/8825\/revisions"}],"predecessor-version":[{"id":8839,"href":"https:\/\/www.os-slivnica.si\/index.php?rest_route=\/wp\/v2\/posts\/8825\/revisions\/8839"}],"wp:attachment":[{"href":"https:\/\/www.os-slivnica.si\/index.php?rest_route=%2Fwp%2Fv2%2Fmedia&parent=8825"}],"wp:term":[{"taxonomy":"category","embeddable":true,"href":"https:\/\/www.os-slivnica.si\/index.php?rest_route=%2Fwp%2Fv2%2Fcategories&post=8825"},{"taxonomy":"post_tag","embeddable":true,"href":"https:\/\/www.os-slivnica.si\/index.php?rest_route=%2Fwp%2Fv2%2Ftags&post=8825"}],"curies":[{"name":"wp","href":"https:\/\/api.w.org\/{rel}","templated":true}]}}