{"id":8781,"date":"2019-03-11T15:10:36","date_gmt":"2019-03-11T14:10:36","guid":{"rendered":"http:\/\/slivnica.splet.arnes.si\/?p=8781"},"modified":"2019-03-11T15:10:36","modified_gmt":"2019-03-11T14:10:36","slug":"slivniski-cetrtosolci-izdelali-nocne-lucke","status":"publish","type":"post","link":"https:\/\/www.os-slivnica.si\/?p=8781","title":{"rendered":"Slivni\u0161ki \u010detrto\u0161olci izdelali no\u010dne lu\u010dke"},"content":{"rendered":"<p>U\u010denci se v 4. razredu u\u010dijo o elektriki. O njej veliko vedo. Sestaviti znajo tudi preprost elektri\u010dni krog in na njihovih obrazih je vedno nasmeh, ko \u017earnica zasveti. Tako vedo, da delajo prav.<\/p>\n<p>Na tehni\u0161kem dnevu o elektriki so svoje znanje \u0161e nadgradili \u2013 izdelali so \u010disto pravo no\u010dno svetilko. Delo je bilo zahtevno, natan\u010dno in naporno, a so vztrajali. Nad kon\u010dnimi izdelki so bili zelo navdu\u0161eni. Obljubili so, da no\u010dna svetilka ne bo le okras v njihovi sobi, ampak jo bodo v temnih no\u010deh tudi uporabili.ngg_shortcode_0_placeholder<\/p>\n","protected":false},"excerpt":{"rendered":"<p>U\u010denci se v 4. razredu u\u010dijo o elektriki. O njej veliko vedo. Sestaviti znajo tudi preprost elektri\u010dni krog in na njihovih obrazih je vedno nasmeh, ko \u017earnica zasveti. Tako vedo, da delajo prav. Na tehni\u0161kem dnevu o elektriki so svoje znanje \u0161e nadgradili \u2013 izdelali so \u010disto pravo no\u010dno svetilko. Delo je bilo zahtevno, natan\u010dno [&hellip;]<\/p>\n","protected":false},"author":6074,"featured_media":0,"comment_status":"closed","ping_status":"closed","sticky":false,"template":"","format":"standard","meta":{"_et_pb_use_builder":"","_et_pb_old_content":"","_et_gb_content_width":"","ngg_post_thumbnail":0,"footnotes":"","_expiration-date-status":"","_expiration-date":0,"_expiration-date-type":"","_expiration-date-categories":[],"_expiration-date-options":[]},"categories":[9],"tags":[],"class_list":["post-8781","post","type-post","status-publish","format-standard","hentry","category-aktualno","et-doesnt-have-format-content","et_post_format-et-post-format-standard"],"_links":{"self":[{"href":"https:\/\/www.os-slivnica.si\/index.php?rest_route=\/wp\/v2\/posts\/8781","targetHints":{"allow":["GET"]}}],"collection":[{"href":"https:\/\/www.os-slivnica.si\/index.php?rest_route=\/wp\/v2\/posts"}],"about":[{"href":"https:\/\/www.os-slivnica.si\/index.php?rest_route=\/wp\/v2\/types\/post"}],"author":[{"embeddable":true,"href":"https:\/\/www.os-slivnica.si\/index.php?rest_route=\/wp\/v2\/users\/6074"}],"replies":[{"embeddable":true,"href":"https:\/\/www.os-slivnica.si\/index.php?rest_route=%2Fwp%2Fv2%2Fcomments&post=8781"}],"version-history":[{"count":1,"href":"https:\/\/www.os-slivnica.si\/index.php?rest_route=\/wp\/v2\/posts\/8781\/revisions"}],"predecessor-version":[{"id":8783,"href":"https:\/\/www.os-slivnica.si\/index.php?rest_route=\/wp\/v2\/posts\/8781\/revisions\/8783"}],"wp:attachment":[{"href":"https:\/\/www.os-slivnica.si\/index.php?rest_route=%2Fwp%2Fv2%2Fmedia&parent=8781"}],"wp:term":[{"taxonomy":"category","embeddable":true,"href":"https:\/\/www.os-slivnica.si\/index.php?rest_route=%2Fwp%2Fv2%2Fcategories&post=8781"},{"taxonomy":"post_tag","embeddable":true,"href":"https:\/\/www.os-slivnica.si\/index.php?rest_route=%2Fwp%2Fv2%2Ftags&post=8781"}],"curies":[{"name":"wp","href":"https:\/\/api.w.org\/{rel}","templated":true}]}}