{"id":8753,"date":"2019-03-08T12:42:02","date_gmt":"2019-03-08T11:42:02","guid":{"rendered":"http:\/\/slivnica.splet.arnes.si\/?p=8753"},"modified":"2019-03-08T12:43:23","modified_gmt":"2019-03-08T11:43:23","slug":"cestitke-ob-dnevu-zena","status":"publish","type":"post","link":"https:\/\/www.os-slivnica.si\/?p=8753","title":{"rendered":"\u010cestitke ob dnevu \u017eena"},"content":{"rendered":"<p><a href=\"http:\/\/slivnica.splet.arnes.si\/files\/2019\/03\/dan-\u017eena_1.jpg\" target=\"_blank\"><img loading=\"lazy\" decoding=\"async\" class=\"alignnone size-medium wp-image-8755\" src=\"http:\/\/slivnica.splet.arnes.si\/files\/2019\/03\/dan-\u017eena_1-207x300.jpg\" alt=\"\" width=\"207\" height=\"300\" srcset=\"https:\/\/www.os-slivnica.si\/files\/2019\/03\/dan-\u017eena_1-207x300.jpg 207w, https:\/\/www.os-slivnica.si\/files\/2019\/03\/dan-\u017eena_1-768x1111.jpg 768w, https:\/\/www.os-slivnica.si\/files\/2019\/03\/dan-\u017eena_1-708x1024.jpg 708w, https:\/\/www.os-slivnica.si\/files\/2019\/03\/dan-\u017eena_1-1080x1562.jpg 1080w\" sizes=\"(max-width: 207px) 100vw, 207px\" \/>\u00a0 Drage mame, dekleta in \u017eene \u010destitke ob dnevu \u017eena.<\/a><\/p>\n","protected":false},"excerpt":{"rendered":"<p>\u00a0 Drage mame, dekleta in \u017eene \u010destitke ob dnevu \u017eena.<\/p>\n","protected":false},"author":5705,"featured_media":0,"comment_status":"closed","ping_status":"closed","sticky":false,"template":"","format":"standard","meta":{"_et_pb_use_builder":"","_et_pb_old_content":"","_et_gb_content_width":"","ngg_post_thumbnail":0,"footnotes":"","_expiration-date-status":"","_expiration-date":0,"_expiration-date-type":"","_expiration-date-categories":[],"_expiration-date-options":[]},"categories":[9],"tags":[],"class_list":["post-8753","post","type-post","status-publish","format-standard","hentry","category-aktualno","et-doesnt-have-format-content","et_post_format-et-post-format-standard"],"_links":{"self":[{"href":"https:\/\/www.os-slivnica.si\/index.php?rest_route=\/wp\/v2\/posts\/8753","targetHints":{"allow":["GET"]}}],"collection":[{"href":"https:\/\/www.os-slivnica.si\/index.php?rest_route=\/wp\/v2\/posts"}],"about":[{"href":"https:\/\/www.os-slivnica.si\/index.php?rest_route=\/wp\/v2\/types\/post"}],"author":[{"embeddable":true,"href":"https:\/\/www.os-slivnica.si\/index.php?rest_route=\/wp\/v2\/users\/5705"}],"replies":[{"embeddable":true,"href":"https:\/\/www.os-slivnica.si\/index.php?rest_route=%2Fwp%2Fv2%2Fcomments&post=8753"}],"version-history":[{"count":2,"href":"https:\/\/www.os-slivnica.si\/index.php?rest_route=\/wp\/v2\/posts\/8753\/revisions"}],"predecessor-version":[{"id":8759,"href":"https:\/\/www.os-slivnica.si\/index.php?rest_route=\/wp\/v2\/posts\/8753\/revisions\/8759"}],"wp:attachment":[{"href":"https:\/\/www.os-slivnica.si\/index.php?rest_route=%2Fwp%2Fv2%2Fmedia&parent=8753"}],"wp:term":[{"taxonomy":"category","embeddable":true,"href":"https:\/\/www.os-slivnica.si\/index.php?rest_route=%2Fwp%2Fv2%2Fcategories&post=8753"},{"taxonomy":"post_tag","embeddable":true,"href":"https:\/\/www.os-slivnica.si\/index.php?rest_route=%2Fwp%2Fv2%2Ftags&post=8753"}],"curies":[{"name":"wp","href":"https:\/\/api.w.org\/{rel}","templated":true}]}}