{"id":8723,"date":"2019-03-05T11:21:38","date_gmt":"2019-03-05T10:21:38","guid":{"rendered":"http:\/\/slivnica.splet.arnes.si\/?p=8723"},"modified":"2019-03-05T11:39:45","modified_gmt":"2019-03-05T10:39:45","slug":"pust-v-gorici","status":"publish","type":"post","link":"https:\/\/www.os-slivnica.si\/?p=8723","title":{"rendered":"Pust v Gorici"},"content":{"rendered":"<p>U\u010denci razredne stopnje smo se temeljito pripravili na pustno rajanje. Ustvarjali smo papirnate maske, u\u010diteljica Anita je spet ustvarila popolno dekoracijo.ngg_shortcode_0_placeholder<\/p>\n<p>Na sam pustni torek pa smo presenetili z izvirnimi maskami. Mnoge so bile tudi nagrajene.ngg_shortcode_1_placeholder<\/p>\n<p>Nekateri starej\u0161i u\u010denci pa so pri\u0161li namaskirani kar k pouku.ngg_shortcode_2_placeholder<br \/>\nDeveto\u0161olca Jan in Alja\u017e sta popestrila pustni torek <a href=\"https:\/\/youtu.be\/REtavom2yeE\" target=\"_blank\">takole<\/a>.<\/p>\n<p>&nbsp;<\/p>\n","protected":false},"excerpt":{"rendered":"<p>U\u010denci razredne stopnje smo se temeljito pripravili na pustno rajanje. Ustvarjali smo papirnate maske, u\u010diteljica Anita je spet ustvarila popolno dekoracijo. Na sam pustni torek pa smo presenetili z izvirnimi maskami. Mnoge so bile tudi nagrajene. Nekateri starej\u0161i u\u010denci pa so pri\u0161li namaskirani kar k pouku. Deveto\u0161olca Jan in Alja\u017e sta popestrila pustni torek takole. [&hellip;]<\/p>\n","protected":false},"author":5703,"featured_media":0,"comment_status":"closed","ping_status":"closed","sticky":false,"template":"","format":"standard","meta":{"_et_pb_use_builder":"","_et_pb_old_content":"","_et_gb_content_width":"","ngg_post_thumbnail":0,"footnotes":"","_expiration-date-status":"","_expiration-date":0,"_expiration-date-type":"","_expiration-date-categories":[],"_expiration-date-options":[]},"categories":[9],"tags":[],"class_list":["post-8723","post","type-post","status-publish","format-standard","hentry","category-aktualno","et-doesnt-have-format-content","et_post_format-et-post-format-standard"],"_links":{"self":[{"href":"https:\/\/www.os-slivnica.si\/index.php?rest_route=\/wp\/v2\/posts\/8723","targetHints":{"allow":["GET"]}}],"collection":[{"href":"https:\/\/www.os-slivnica.si\/index.php?rest_route=\/wp\/v2\/posts"}],"about":[{"href":"https:\/\/www.os-slivnica.si\/index.php?rest_route=\/wp\/v2\/types\/post"}],"author":[{"embeddable":true,"href":"https:\/\/www.os-slivnica.si\/index.php?rest_route=\/wp\/v2\/users\/5703"}],"replies":[{"embeddable":true,"href":"https:\/\/www.os-slivnica.si\/index.php?rest_route=%2Fwp%2Fv2%2Fcomments&post=8723"}],"version-history":[{"count":5,"href":"https:\/\/www.os-slivnica.si\/index.php?rest_route=\/wp\/v2\/posts\/8723\/revisions"}],"predecessor-version":[{"id":8733,"href":"https:\/\/www.os-slivnica.si\/index.php?rest_route=\/wp\/v2\/posts\/8723\/revisions\/8733"}],"wp:attachment":[{"href":"https:\/\/www.os-slivnica.si\/index.php?rest_route=%2Fwp%2Fv2%2Fmedia&parent=8723"}],"wp:term":[{"taxonomy":"category","embeddable":true,"href":"https:\/\/www.os-slivnica.si\/index.php?rest_route=%2Fwp%2Fv2%2Fcategories&post=8723"},{"taxonomy":"post_tag","embeddable":true,"href":"https:\/\/www.os-slivnica.si\/index.php?rest_route=%2Fwp%2Fv2%2Ftags&post=8723"}],"curies":[{"name":"wp","href":"https:\/\/api.w.org\/{rel}","templated":true}]}}