{"id":8695,"date":"2019-03-05T08:31:29","date_gmt":"2019-03-05T07:31:29","guid":{"rendered":"http:\/\/slivnica.splet.arnes.si\/?p=8695"},"modified":"2019-03-05T08:37:18","modified_gmt":"2019-03-05T07:37:18","slug":"simbioza-spet-na-nasi-soli","status":"publish","type":"post","link":"https:\/\/www.os-slivnica.si\/?p=8695","title":{"rendered":"Simbioza spet na na\u0161i \u0161oli"},"content":{"rendered":"<p><strong>Vabimo na RA\u010cUNALNI\u0160KE DELAVNICE <\/strong><strong>ZA STAREJ\u0160E <\/strong>(Simbioza)<\/p>\n<p>Vse \u017eeljne osnovnega ra\u010dunalni\u0161kega znanja vabimo na medgeneracijsko sodelovanje v O\u0160 Slivnica pri Celju:<\/p>\n<ul>\n<li><strong>v torek, 12. 3. 2019, od 9.00 do 10.30<\/strong><\/li>\n<li><strong>v sredo, 13. 3. 2019, od 9.00 do 10.30<\/strong><\/li>\n<\/ul>\n<p>Delavnice bodo potekale v ra\u010dunalni\u0161ki u\u010dilnici \u0161ole. Lotili se bomo osnovnega ra\u010dunalni\u0161kega opismenjevanja: uporabe elektronske po\u0161te, Facebooka, interneta, pametnega telefona, \u2026<br \/>\nPrilagodili se bomo \u017eeljam in potrebam\u00a0 udele\u017eencev.<\/p>\n<p>Zaradi la\u017eje organizacije se prijavite v tajni\u0161tvu \u0161ole, telefon: 05 969 6050, do ponedeljka, 11. 3. 2019, do 12. ure. \u010ce se pozabite prijaviti, ste vseeno dobrodo\u0161li.<\/p>\n<p>&nbsp;<\/p>\n<p>&nbsp;<\/p>\n","protected":false},"excerpt":{"rendered":"<p>Vabimo na RA\u010cUNALNI\u0160KE DELAVNICE ZA STAREJ\u0160E (Simbioza) Vse \u017eeljne osnovnega ra\u010dunalni\u0161kega znanja vabimo na medgeneracijsko sodelovanje v O\u0160 Slivnica pri Celju: v torek, 12. 3. 2019, od 9.00 do 10.30 v sredo, 13. 3. 2019, od 9.00 do 10.30 Delavnice bodo potekale v ra\u010dunalni\u0161ki u\u010dilnici \u0161ole. Lotili se bomo osnovnega ra\u010dunalni\u0161kega opismenjevanja: uporabe elektronske po\u0161te, [&hellip;]<\/p>\n","protected":false},"author":5703,"featured_media":0,"comment_status":"closed","ping_status":"closed","sticky":false,"template":"","format":"standard","meta":{"_et_pb_use_builder":"","_et_pb_old_content":"","_et_gb_content_width":"","ngg_post_thumbnail":0,"footnotes":"","_expiration-date-status":"","_expiration-date":0,"_expiration-date-type":"","_expiration-date-categories":[],"_expiration-date-options":[]},"categories":[9],"tags":[],"class_list":["post-8695","post","type-post","status-publish","format-standard","hentry","category-aktualno","et-doesnt-have-format-content","et_post_format-et-post-format-standard"],"_links":{"self":[{"href":"https:\/\/www.os-slivnica.si\/index.php?rest_route=\/wp\/v2\/posts\/8695","targetHints":{"allow":["GET"]}}],"collection":[{"href":"https:\/\/www.os-slivnica.si\/index.php?rest_route=\/wp\/v2\/posts"}],"about":[{"href":"https:\/\/www.os-slivnica.si\/index.php?rest_route=\/wp\/v2\/types\/post"}],"author":[{"embeddable":true,"href":"https:\/\/www.os-slivnica.si\/index.php?rest_route=\/wp\/v2\/users\/5703"}],"replies":[{"embeddable":true,"href":"https:\/\/www.os-slivnica.si\/index.php?rest_route=%2Fwp%2Fv2%2Fcomments&post=8695"}],"version-history":[{"count":4,"href":"https:\/\/www.os-slivnica.si\/index.php?rest_route=\/wp\/v2\/posts\/8695\/revisions"}],"predecessor-version":[{"id":8705,"href":"https:\/\/www.os-slivnica.si\/index.php?rest_route=\/wp\/v2\/posts\/8695\/revisions\/8705"}],"wp:attachment":[{"href":"https:\/\/www.os-slivnica.si\/index.php?rest_route=%2Fwp%2Fv2%2Fmedia&parent=8695"}],"wp:term":[{"taxonomy":"category","embeddable":true,"href":"https:\/\/www.os-slivnica.si\/index.php?rest_route=%2Fwp%2Fv2%2Fcategories&post=8695"},{"taxonomy":"post_tag","embeddable":true,"href":"https:\/\/www.os-slivnica.si\/index.php?rest_route=%2Fwp%2Fv2%2Ftags&post=8695"}],"curies":[{"name":"wp","href":"https:\/\/api.w.org\/{rel}","templated":true}]}}