{"id":8665,"date":"2019-02-12T16:13:39","date_gmt":"2019-02-12T15:13:39","guid":{"rendered":"http:\/\/slivnica.splet.arnes.si\/?p=8665"},"modified":"2019-02-12T16:13:39","modified_gmt":"2019-02-12T15:13:39","slug":"sprejem-pohodnikov-po-poteh-xiv-divizije-na-prevorju-2","status":"publish","type":"post","link":"https:\/\/www.os-slivnica.si\/?p=8665","title":{"rendered":"Sprejem pohodnikov po poteh XIV. divizije na Prevorju"},"content":{"rendered":"<p style=\"text-align: center\"><em><strong>Podmladek smo slovenske vojske,<\/strong><\/em><\/p>\n<p style=\"text-align: center\"><em><strong>vestno vam sledimo,<\/strong><\/em><\/p>\n<p style=\"text-align: center\"><em><strong>va\u0161e upe za naprej,<br \/>\n<\/strong><\/em><\/p>\n<p style=\"text-align: center\"><em><strong> po\u010dasi \u0161e gradimo. <\/strong><\/em><\/p>\n<p><strong>Na Pre\u0161ernov dan<\/strong>, 8. februarja, smo s<strong> kraj\u0161im kulturnim programom<\/strong> pozdravili <strong>pohodnike po poteh XIV. divizije<\/strong>. Pohodniki so z velikim navdu\u0161enjem z nami tudi zapeli.<\/p>\n<p style=\"text-align: center\">ngg_shortcode_0_placeholder<\/p>\n","protected":false},"excerpt":{"rendered":"<p>Podmladek smo slovenske vojske, vestno vam sledimo, va\u0161e upe za naprej, po\u010dasi \u0161e gradimo. Na Pre\u0161ernov dan, 8. februarja, smo s kraj\u0161im kulturnim programom pozdravili pohodnike po poteh XIV. divizije. Pohodniki so z velikim navdu\u0161enjem z nami tudi zapeli.<\/p>\n","protected":false},"author":6009,"featured_media":0,"comment_status":"closed","ping_status":"closed","sticky":false,"template":"","format":"standard","meta":{"_et_pb_use_builder":"","_et_pb_old_content":"","_et_gb_content_width":"","ngg_post_thumbnail":0,"footnotes":"","_expiration-date-status":"","_expiration-date":0,"_expiration-date-type":"","_expiration-date-categories":[],"_expiration-date-options":[]},"categories":[11],"tags":[],"class_list":["post-8665","post","type-post","status-publish","format-standard","hentry","category-ps-prevorje","et-doesnt-have-format-content","et_post_format-et-post-format-standard"],"_links":{"self":[{"href":"https:\/\/www.os-slivnica.si\/index.php?rest_route=\/wp\/v2\/posts\/8665","targetHints":{"allow":["GET"]}}],"collection":[{"href":"https:\/\/www.os-slivnica.si\/index.php?rest_route=\/wp\/v2\/posts"}],"about":[{"href":"https:\/\/www.os-slivnica.si\/index.php?rest_route=\/wp\/v2\/types\/post"}],"author":[{"embeddable":true,"href":"https:\/\/www.os-slivnica.si\/index.php?rest_route=\/wp\/v2\/users\/6009"}],"replies":[{"embeddable":true,"href":"https:\/\/www.os-slivnica.si\/index.php?rest_route=%2Fwp%2Fv2%2Fcomments&post=8665"}],"version-history":[{"count":1,"href":"https:\/\/www.os-slivnica.si\/index.php?rest_route=\/wp\/v2\/posts\/8665\/revisions"}],"predecessor-version":[{"id":8667,"href":"https:\/\/www.os-slivnica.si\/index.php?rest_route=\/wp\/v2\/posts\/8665\/revisions\/8667"}],"wp:attachment":[{"href":"https:\/\/www.os-slivnica.si\/index.php?rest_route=%2Fwp%2Fv2%2Fmedia&parent=8665"}],"wp:term":[{"taxonomy":"category","embeddable":true,"href":"https:\/\/www.os-slivnica.si\/index.php?rest_route=%2Fwp%2Fv2%2Fcategories&post=8665"},{"taxonomy":"post_tag","embeddable":true,"href":"https:\/\/www.os-slivnica.si\/index.php?rest_route=%2Fwp%2Fv2%2Ftags&post=8665"}],"curies":[{"name":"wp","href":"https:\/\/api.w.org\/{rel}","templated":true}]}}