{"id":8659,"date":"2019-02-12T11:46:02","date_gmt":"2019-02-12T10:46:02","guid":{"rendered":"http:\/\/slivnica.splet.arnes.si\/?p=8659"},"modified":"2019-02-12T11:47:52","modified_gmt":"2019-02-12T10:47:52","slug":"vpis-solskih-novincev-za-s-l-20192020","status":"publish","type":"post","link":"https:\/\/www.os-slivnica.si\/?p=8659","title":{"rendered":"Vpis \u0161olskih novincev za \u0161. l. 2019\/2020"},"content":{"rendered":"<p>&nbsp;<\/p>\n<p>Obve\u0161\u010damo vas, da bo potekal vpis v 1. razred po naslednjem urniku:<\/p>\n<ul>\n<li><strong>O\u0160 Slivnica pri Celju<\/strong> v Gorici pri Slivnici v <strong>\u010detrtek, 28. 2. 2019, od 8. do 10.30 ure <\/strong>v pisarni \u0161olske pedagoginje<\/li>\n<li><strong>P\u0160 Loka pri \u017dusmu<\/strong> v <strong>petek, 1. 3. 2019, od 7.30 do 8. ure <\/strong>v pisarni P\u0160 Loka pri \u017dusmu<\/li>\n<li><strong>P\u0160 Prevorje v petek, 1. 3. 2019, od 9. do 10. ure<\/strong> v pisarni P\u0160 Prevorje<\/li>\n<\/ul>\n<p><strong>\u00a0<\/strong>Vpis je <strong>OBVEZEN<\/strong> za vse otroke, ki so rojeni v \u010dasu od <strong>01. 01. 2013 do 31. 12. 2013.<\/strong><\/p>\n<p>K vpisu pripeljite otroka in prinesite njegov rojstni list ali osebno izkaznico (na vpogled).<\/p>\n<p>Vabljeni!<\/p>\n<p>\u0160olska pedagoginja\u00a0\u00a0\u00a0\u00a0\u00a0\u00a0\u00a0\u00a0\u00a0\u00a0\u00a0\u00a0\u00a0\u00a0\u00a0\u00a0\u00a0\u00a0\u00a0\u00a0\u00a0\u00a0\u00a0\u00a0\u00a0\u00a0\u00a0\u00a0\u00a0\u00a0\u00a0\u00a0\u00a0\u00a0\u00a0\u00a0\u00a0\u00a0\u00a0\u00a0\u00a0\u00a0 \u00a0\u00a0\u00a0\u00a0\u00a0\u00a0\u00a0\u00a0\u00a0\u00a0\u00a0\u00a0\u00a0\u00a0\u00a0\u00a0\u00a0\u00a0\u00a0Ravnateljica<br \/>\nJudita Leskov\u0161ek Andri\u010d, prof.\u00a0\u00a0\u00a0\u00a0\u00a0\u00a0\u00a0\u00a0\u00a0\u00a0\u00a0\u00a0\u00a0\u00a0\u00a0\u00a0\u00a0\u00a0\u00a0\u00a0\u00a0\u00a0\u00a0\u00a0\u00a0\u00a0 \u00a0\u00a0\u00a0\u00a0\u00a0\u00a0\u00a0\u00a0\u00a0\u00a0\u00a0\u00a0\u00a0\u00a0\u00a0\u00a0Marjeta Ko\u0161ak, prof.<\/p>\n<p>&nbsp;<\/p>\n","protected":false},"excerpt":{"rendered":"<p>&nbsp; Obve\u0161\u010damo vas, da bo potekal vpis v 1. razred po naslednjem urniku: O\u0160 Slivnica pri Celju v Gorici pri Slivnici v \u010detrtek, 28. 2. 2019, od 8. do 10.30 ure v pisarni \u0161olske pedagoginje P\u0160 Loka pri \u017dusmu v petek, 1. 3. 2019, od 7.30 do 8. ure v pisarni P\u0160 Loka pri \u017dusmu [&hellip;]<\/p>\n","protected":false},"author":7100,"featured_media":0,"comment_status":"closed","ping_status":"closed","sticky":false,"template":"","format":"standard","meta":{"_et_pb_use_builder":"","_et_pb_old_content":"","_et_gb_content_width":"","ngg_post_thumbnail":0,"footnotes":"","_expiration-date-status":"","_expiration-date":0,"_expiration-date-type":"","_expiration-date-categories":[],"_expiration-date-options":[]},"categories":[9],"tags":[],"class_list":["post-8659","post","type-post","status-publish","format-standard","hentry","category-aktualno","et-doesnt-have-format-content","et_post_format-et-post-format-standard"],"_links":{"self":[{"href":"https:\/\/www.os-slivnica.si\/index.php?rest_route=\/wp\/v2\/posts\/8659","targetHints":{"allow":["GET"]}}],"collection":[{"href":"https:\/\/www.os-slivnica.si\/index.php?rest_route=\/wp\/v2\/posts"}],"about":[{"href":"https:\/\/www.os-slivnica.si\/index.php?rest_route=\/wp\/v2\/types\/post"}],"author":[{"embeddable":true,"href":"https:\/\/www.os-slivnica.si\/index.php?rest_route=\/wp\/v2\/users\/7100"}],"replies":[{"embeddable":true,"href":"https:\/\/www.os-slivnica.si\/index.php?rest_route=%2Fwp%2Fv2%2Fcomments&post=8659"}],"version-history":[{"count":2,"href":"https:\/\/www.os-slivnica.si\/index.php?rest_route=\/wp\/v2\/posts\/8659\/revisions"}],"predecessor-version":[{"id":8663,"href":"https:\/\/www.os-slivnica.si\/index.php?rest_route=\/wp\/v2\/posts\/8659\/revisions\/8663"}],"wp:attachment":[{"href":"https:\/\/www.os-slivnica.si\/index.php?rest_route=%2Fwp%2Fv2%2Fmedia&parent=8659"}],"wp:term":[{"taxonomy":"category","embeddable":true,"href":"https:\/\/www.os-slivnica.si\/index.php?rest_route=%2Fwp%2Fv2%2Fcategories&post=8659"},{"taxonomy":"post_tag","embeddable":true,"href":"https:\/\/www.os-slivnica.si\/index.php?rest_route=%2Fwp%2Fv2%2Ftags&post=8659"}],"curies":[{"name":"wp","href":"https:\/\/api.w.org\/{rel}","templated":true}]}}