{"id":8651,"date":"2019-02-08T10:11:01","date_gmt":"2019-02-08T09:11:01","guid":{"rendered":"http:\/\/slivnica.splet.arnes.si\/?p=8651"},"modified":"2019-02-08T10:11:01","modified_gmt":"2019-02-08T09:11:01","slug":"proslava-ob-presernovem-dnevu-v-loki","status":"publish","type":"post","link":"https:\/\/www.os-slivnica.si\/?p=8651","title":{"rendered":"Proslava ob  Pre\u0161ernovem dnevu v Loki"},"content":{"rendered":"<p>V \u010detrtek, 7. 2. 2019, smo v Loki namenili nekaj \u010dasa na\u0161emu najve\u010djemu slovenskemu pesniku &#8211; Francetu Pre\u0161ernu. Obudili smo spomine iz njegovega \u017eivljenja ter iz njegove zbirke izbrali nekaj pesmi, ki smo jih zapeli in zrecitirali.<\/p>\nngg_shortcode_0_placeholder\n<p>&nbsp;<\/p>\n","protected":false},"excerpt":{"rendered":"<p>V \u010detrtek, 7. 2. 2019, smo v Loki namenili nekaj \u010dasa na\u0161emu najve\u010djemu slovenskemu pesniku &#8211; Francetu Pre\u0161ernu. Obudili smo spomine iz njegovega \u017eivljenja ter iz njegove zbirke izbrali nekaj pesmi, ki smo jih zapeli in zrecitirali. &nbsp;<\/p>\n","protected":false},"author":6080,"featured_media":0,"comment_status":"closed","ping_status":"closed","sticky":false,"template":"","format":"standard","meta":{"_et_pb_use_builder":"","_et_pb_old_content":"","_et_gb_content_width":"","ngg_post_thumbnail":0,"footnotes":"","_expiration-date-status":"","_expiration-date":0,"_expiration-date-type":"","_expiration-date-categories":[],"_expiration-date-options":[]},"categories":[10],"tags":[],"class_list":["post-8651","post","type-post","status-publish","format-standard","hentry","category-ps-loka","et-doesnt-have-format-content","et_post_format-et-post-format-standard"],"_links":{"self":[{"href":"https:\/\/www.os-slivnica.si\/index.php?rest_route=\/wp\/v2\/posts\/8651","targetHints":{"allow":["GET"]}}],"collection":[{"href":"https:\/\/www.os-slivnica.si\/index.php?rest_route=\/wp\/v2\/posts"}],"about":[{"href":"https:\/\/www.os-slivnica.si\/index.php?rest_route=\/wp\/v2\/types\/post"}],"author":[{"embeddable":true,"href":"https:\/\/www.os-slivnica.si\/index.php?rest_route=\/wp\/v2\/users\/6080"}],"replies":[{"embeddable":true,"href":"https:\/\/www.os-slivnica.si\/index.php?rest_route=%2Fwp%2Fv2%2Fcomments&post=8651"}],"version-history":[{"count":1,"href":"https:\/\/www.os-slivnica.si\/index.php?rest_route=\/wp\/v2\/posts\/8651\/revisions"}],"predecessor-version":[{"id":8653,"href":"https:\/\/www.os-slivnica.si\/index.php?rest_route=\/wp\/v2\/posts\/8651\/revisions\/8653"}],"wp:attachment":[{"href":"https:\/\/www.os-slivnica.si\/index.php?rest_route=%2Fwp%2Fv2%2Fmedia&parent=8651"}],"wp:term":[{"taxonomy":"category","embeddable":true,"href":"https:\/\/www.os-slivnica.si\/index.php?rest_route=%2Fwp%2Fv2%2Fcategories&post=8651"},{"taxonomy":"post_tag","embeddable":true,"href":"https:\/\/www.os-slivnica.si\/index.php?rest_route=%2Fwp%2Fv2%2Ftags&post=8651"}],"curies":[{"name":"wp","href":"https:\/\/api.w.org\/{rel}","templated":true}]}}