{"id":8627,"date":"2019-02-07T08:52:47","date_gmt":"2019-02-07T07:52:47","guid":{"rendered":"http:\/\/slivnica.splet.arnes.si\/?p=8627"},"modified":"2019-02-07T08:52:47","modified_gmt":"2019-02-07T07:52:47","slug":"proslava-ob-presernovem-dnevu-na-prevorju-2","status":"publish","type":"post","link":"https:\/\/www.os-slivnica.si\/?p=8627","title":{"rendered":"Proslava ob Pre\u0161ernovem dnevu na Prevorju"},"content":{"rendered":"<p style=\"text-align: center\"><img loading=\"lazy\" decoding=\"async\" class=\"irc_mi\" src=\"https:\/\/likeout.net\/wp-content\/uploads\/2017\/02\/france-pre%C5%A1eren-e1486482136296.jpg\" alt=\"Rezultat iskanja slik za PRE\u0160EREN\" width=\"357\" height=\"326\" \/><\/p>\n<p style=\"text-align: left\"><em>Z<strong> Zdravljico,<\/strong> <strong>deklamacijami, petjem in plesom<\/strong> smo v sredo, 6. februarja, <strong>po\u010dastili spomin<\/strong> na na\u0161ega <strong>najve\u010djega slovenskega pesnika Franceta Pre\u0161erna<\/strong> in njegovo pisano slovensko besedo.<\/em><\/p>\n<p style=\"text-align: left\">ngg_shortcode_0_placeholder<\/p>\n","protected":false},"excerpt":{"rendered":"<p>Z Zdravljico, deklamacijami, petjem in plesom smo v sredo, 6. februarja, po\u010dastili spomin na na\u0161ega najve\u010djega slovenskega pesnika Franceta Pre\u0161erna in njegovo pisano slovensko besedo.<\/p>\n","protected":false},"author":6009,"featured_media":0,"comment_status":"closed","ping_status":"closed","sticky":false,"template":"","format":"standard","meta":{"_et_pb_use_builder":"","_et_pb_old_content":"","_et_gb_content_width":"","ngg_post_thumbnail":0,"footnotes":"","_expiration-date-status":"","_expiration-date":0,"_expiration-date-type":"","_expiration-date-categories":[],"_expiration-date-options":[]},"categories":[11],"tags":[],"class_list":["post-8627","post","type-post","status-publish","format-standard","hentry","category-ps-prevorje","et-doesnt-have-format-content","et_post_format-et-post-format-standard"],"_links":{"self":[{"href":"https:\/\/www.os-slivnica.si\/index.php?rest_route=\/wp\/v2\/posts\/8627","targetHints":{"allow":["GET"]}}],"collection":[{"href":"https:\/\/www.os-slivnica.si\/index.php?rest_route=\/wp\/v2\/posts"}],"about":[{"href":"https:\/\/www.os-slivnica.si\/index.php?rest_route=\/wp\/v2\/types\/post"}],"author":[{"embeddable":true,"href":"https:\/\/www.os-slivnica.si\/index.php?rest_route=\/wp\/v2\/users\/6009"}],"replies":[{"embeddable":true,"href":"https:\/\/www.os-slivnica.si\/index.php?rest_route=%2Fwp%2Fv2%2Fcomments&post=8627"}],"version-history":[{"count":1,"href":"https:\/\/www.os-slivnica.si\/index.php?rest_route=\/wp\/v2\/posts\/8627\/revisions"}],"predecessor-version":[{"id":8629,"href":"https:\/\/www.os-slivnica.si\/index.php?rest_route=\/wp\/v2\/posts\/8627\/revisions\/8629"}],"wp:attachment":[{"href":"https:\/\/www.os-slivnica.si\/index.php?rest_route=%2Fwp%2Fv2%2Fmedia&parent=8627"}],"wp:term":[{"taxonomy":"category","embeddable":true,"href":"https:\/\/www.os-slivnica.si\/index.php?rest_route=%2Fwp%2Fv2%2Fcategories&post=8627"},{"taxonomy":"post_tag","embeddable":true,"href":"https:\/\/www.os-slivnica.si\/index.php?rest_route=%2Fwp%2Fv2%2Ftags&post=8627"}],"curies":[{"name":"wp","href":"https:\/\/api.w.org\/{rel}","templated":true}]}}