{"id":8605,"date":"2019-02-06T14:15:08","date_gmt":"2019-02-06T13:15:08","guid":{"rendered":"http:\/\/slivnica.splet.arnes.si\/?p=8605"},"modified":"2019-02-07T10:54:36","modified_gmt":"2019-02-07T09:54:36","slug":"s-presernom-preserni-obisk-gledalisca-kolenc-ob-slovenskem-kulturnem-prazniku","status":"publish","type":"post","link":"https:\/\/www.os-slivnica.si\/?p=8605","title":{"rendered":"S Pre\u0161ernom pre\u0161erni \u2013 obisk gledali\u0161\u010da Kolenc ob slovenskem kulturnem prazniku"},"content":{"rendered":"<p>Ob bli\u017eajo\u010dem se slovenskem kulturnem prazniku so si u\u010denci ogledali gledali\u0161ko predstavo. U\u010denci vi\u0161je stopnje so u\u017eivali ob predstavi S Pre\u0161ernom pre\u0161erni, u\u010denci ni\u017eje stopnje pa so do\u017eiveto soustvarjali predstavo Turja\u0161ka Rozamunda. Obe predstavi sta u\u010dence pozvali k razmisleku o praznovanju Pre\u0161ernovega dne.<\/p>\n<p>Predstava S Pre\u0161ernom pre\u0161erni je nastala na podlagi pesnitev na\u0161ega najve\u010djega pesnika dr. Franceta Pre\u0161erna. Ob do\u017eivetju\u00a0 predstave so se u\u010denci tudi veliko nau\u010dili, saj so bila na izviren, duhovit na\u010din predstavljena Pre\u0161ernova dela: Solda\u0161ka, Orglar, Povodni mo\u017e, Glosa, Turja\u0161ka Rozamunda, Kam?, Krst pri Savici, Od \u017eelezne ceste in Zdravljica.<\/p>\n<p>Predstava Turja\u0161ka Rozamunda je prikazala prelepo, toda zelo o\u0161abno deklico. S pripovedovanjem zgodbe za\u010dne Majeva babica, saj si je Maj za\u017eelel pravljico pred spanjem. Da mu \u0161e ne bi bilo treba v posteljo, je zgodbo o Rozamundi sam pripovedoval naprej. U\u010denci so spremljali napeto zgodbo o \u017eivljenju Ostrovrharja, o\u0161abne Rozamunde in lepe Lejle, ki se seveda zaklju\u010di tako, kot je prav.\u00a0ngg_shortcode_0_placeholder<\/p>\n","protected":false},"excerpt":{"rendered":"<p>Ob bli\u017eajo\u010dem se slovenskem kulturnem prazniku so si u\u010denci ogledali gledali\u0161ko predstavo. U\u010denci vi\u0161je stopnje so u\u017eivali ob predstavi S Pre\u0161ernom pre\u0161erni, u\u010denci ni\u017eje stopnje pa so do\u017eiveto soustvarjali predstavo Turja\u0161ka Rozamunda. Obe predstavi sta u\u010dence pozvali k razmisleku o praznovanju Pre\u0161ernovega dne. Predstava S Pre\u0161ernom pre\u0161erni je nastala na podlagi pesnitev na\u0161ega najve\u010djega pesnika [&hellip;]<\/p>\n","protected":false},"author":6071,"featured_media":0,"comment_status":"closed","ping_status":"closed","sticky":false,"template":"","format":"standard","meta":{"_et_pb_use_builder":"","_et_pb_old_content":"","_et_gb_content_width":"","ngg_post_thumbnail":0,"footnotes":"","_expiration-date-status":"","_expiration-date":0,"_expiration-date-type":"","_expiration-date-categories":[],"_expiration-date-options":[]},"categories":[9],"tags":[],"class_list":["post-8605","post","type-post","status-publish","format-standard","hentry","category-aktualno","et-doesnt-have-format-content","et_post_format-et-post-format-standard"],"_links":{"self":[{"href":"https:\/\/www.os-slivnica.si\/index.php?rest_route=\/wp\/v2\/posts\/8605","targetHints":{"allow":["GET"]}}],"collection":[{"href":"https:\/\/www.os-slivnica.si\/index.php?rest_route=\/wp\/v2\/posts"}],"about":[{"href":"https:\/\/www.os-slivnica.si\/index.php?rest_route=\/wp\/v2\/types\/post"}],"author":[{"embeddable":true,"href":"https:\/\/www.os-slivnica.si\/index.php?rest_route=\/wp\/v2\/users\/6071"}],"replies":[{"embeddable":true,"href":"https:\/\/www.os-slivnica.si\/index.php?rest_route=%2Fwp%2Fv2%2Fcomments&post=8605"}],"version-history":[{"count":9,"href":"https:\/\/www.os-slivnica.si\/index.php?rest_route=\/wp\/v2\/posts\/8605\/revisions"}],"predecessor-version":[{"id":8623,"href":"https:\/\/www.os-slivnica.si\/index.php?rest_route=\/wp\/v2\/posts\/8605\/revisions\/8623"}],"wp:attachment":[{"href":"https:\/\/www.os-slivnica.si\/index.php?rest_route=%2Fwp%2Fv2%2Fmedia&parent=8605"}],"wp:term":[{"taxonomy":"category","embeddable":true,"href":"https:\/\/www.os-slivnica.si\/index.php?rest_route=%2Fwp%2Fv2%2Fcategories&post=8605"},{"taxonomy":"post_tag","embeddable":true,"href":"https:\/\/www.os-slivnica.si\/index.php?rest_route=%2Fwp%2Fv2%2Ftags&post=8605"}],"curies":[{"name":"wp","href":"https:\/\/api.w.org\/{rel}","templated":true}]}}