{"id":8597,"date":"2019-02-06T10:54:15","date_gmt":"2019-02-06T09:54:15","guid":{"rendered":"http:\/\/slivnica.splet.arnes.si\/?p=8597"},"modified":"2019-02-06T10:54:47","modified_gmt":"2019-02-06T09:54:47","slug":"zimski-sportni-dan-ucencev-od-7-9-razreda","status":"publish","type":"post","link":"https:\/\/www.os-slivnica.si\/?p=8597","title":{"rendered":"Zimski \u0161portni dan u\u010dencev od 7. &#8211; 9. razreda"},"content":{"rendered":"<p>V ponedeljek, 4. februarja 2019, so imeli u\u010denci od 7.- 9. razreda zimski \u0161portni dan. Nekateri so smu\u010dali, se sankali in prehodili planinske poti na Arehu, drugi so se drsali in kegljali v Celju. Vsi smo se nau\u010dili nekaj novega, se zabavali in dru\u017eili.<\/p>\nngg_shortcode_0_placeholder\n<p>&nbsp;<\/p>\n<p>&nbsp;<\/p>\n<p>&nbsp;<\/p>\n","protected":false},"excerpt":{"rendered":"<p>V ponedeljek, 4. februarja 2019, so imeli u\u010denci od 7.- 9. razreda zimski \u0161portni dan. Nekateri so smu\u010dali, se sankali in prehodili planinske poti na Arehu, drugi so se drsali in kegljali v Celju. Vsi smo se nau\u010dili nekaj novega, se zabavali in dru\u017eili. &nbsp; &nbsp; &nbsp;<\/p>\n","protected":false},"author":5704,"featured_media":0,"comment_status":"closed","ping_status":"closed","sticky":false,"template":"","format":"standard","meta":{"_et_pb_use_builder":"","_et_pb_old_content":"","_et_gb_content_width":"","ngg_post_thumbnail":0,"footnotes":"","_expiration-date-status":"","_expiration-date":0,"_expiration-date-type":"","_expiration-date-categories":[],"_expiration-date-options":[]},"categories":[9],"tags":[],"class_list":["post-8597","post","type-post","status-publish","format-standard","hentry","category-aktualno","et-doesnt-have-format-content","et_post_format-et-post-format-standard"],"_links":{"self":[{"href":"https:\/\/www.os-slivnica.si\/index.php?rest_route=\/wp\/v2\/posts\/8597","targetHints":{"allow":["GET"]}}],"collection":[{"href":"https:\/\/www.os-slivnica.si\/index.php?rest_route=\/wp\/v2\/posts"}],"about":[{"href":"https:\/\/www.os-slivnica.si\/index.php?rest_route=\/wp\/v2\/types\/post"}],"author":[{"embeddable":true,"href":"https:\/\/www.os-slivnica.si\/index.php?rest_route=\/wp\/v2\/users\/5704"}],"replies":[{"embeddable":true,"href":"https:\/\/www.os-slivnica.si\/index.php?rest_route=%2Fwp%2Fv2%2Fcomments&post=8597"}],"version-history":[{"count":2,"href":"https:\/\/www.os-slivnica.si\/index.php?rest_route=\/wp\/v2\/posts\/8597\/revisions"}],"predecessor-version":[{"id":8601,"href":"https:\/\/www.os-slivnica.si\/index.php?rest_route=\/wp\/v2\/posts\/8597\/revisions\/8601"}],"wp:attachment":[{"href":"https:\/\/www.os-slivnica.si\/index.php?rest_route=%2Fwp%2Fv2%2Fmedia&parent=8597"}],"wp:term":[{"taxonomy":"category","embeddable":true,"href":"https:\/\/www.os-slivnica.si\/index.php?rest_route=%2Fwp%2Fv2%2Fcategories&post=8597"},{"taxonomy":"post_tag","embeddable":true,"href":"https:\/\/www.os-slivnica.si\/index.php?rest_route=%2Fwp%2Fv2%2Ftags&post=8597"}],"curies":[{"name":"wp","href":"https:\/\/api.w.org\/{rel}","templated":true}]}}