{"id":8491,"date":"2019-01-25T16:56:43","date_gmt":"2019-01-25T15:56:43","guid":{"rendered":"http:\/\/slivnica.splet.arnes.si\/?p=8491"},"modified":"2019-01-25T17:04:34","modified_gmt":"2019-01-25T16:04:34","slug":"delovna-sobota-v-loki-pri-zusmu","status":"publish","type":"post","link":"https:\/\/www.os-slivnica.si\/?p=8491","title":{"rendered":"Delovna sobota v Loki pri \u017dusmu"},"content":{"rendered":"<div id=\"left-area\">\n<article id=\"post-8457\" class=\"et_pb_post post-8457 post type-post status-publish format-standard hentry category-aktualno\">\n<div class=\"et_post_meta_wrapper\"><em>Spo\u0161tovani star\u0161i!<\/em><\/div>\n<div class=\"entry-content\">\n<p><em>Obve\u0161\u010damo vas, da bomo\u00a0 v skladu z 2. odstavkom 4. \u010dl. Pravilnika o \u0161olskem koledarju in letnim delovnim na\u010drtom O\u0160 Slivnica pri Celju<\/em><\/p>\n<p><strong><em>imeli v soboto, 2. februarja 2019, delovno soboto.<\/em><\/strong><\/p>\n<p><em>V Loki pri \u017dusmu bo ta dan <strong>zimski \u0161portni dan<\/strong>. \u0160olski prevoz, prehrana in jutranje varstvo bodo organizirani kot obi\u010dajno. Po kon\u010danem \u0161portnem dnevu lahko otroci odidejo domov. Podalj\u0161ano bivanje bo organizirano po potrebi. Morebitno odjavo kosila naj u\u010denci sporo\u010dijo razredni\u010darki do \u010detrtka, 31. januarja.<\/em><\/p>\n<p><em>\u00a0Hvala za razumevanje.\u00a0 \u00a0 \u00a0 \u00a0 \u00a0 \u00a0 \u00a0 \u00a0 \u00a0 \u00a0 \u00a0 \u00a0 \u00a0 \u00a0 \u00a0 \u00a0 \u00a0 \u00a0 \u00a0 \u00a0 \u00a0 \u00a0 \u00a0 \u00a0 \u00a0 \u00a0 \u00a0 \u00a0 \u00a0 \u00a0 Vodja \u0161ole Frida Guben\u0161ek<\/em><\/p>\n<p><em>\u00a0<\/em><\/p>\n<\/div>\n<div class=\"et_post_meta_wrapper\"><\/div>\n<\/article>\n<\/div>\n<div id=\"sidebar\"><\/div>\n","protected":false},"excerpt":{"rendered":"<p>Spo\u0161tovani star\u0161i! Obve\u0161\u010damo vas, da bomo\u00a0 v skladu z 2. odstavkom 4. \u010dl. Pravilnika o \u0161olskem koledarju in letnim delovnim na\u010drtom O\u0160 Slivnica pri Celju imeli v soboto, 2. februarja 2019, delovno soboto. V Loki pri \u017dusmu bo ta dan zimski \u0161portni dan. \u0160olski prevoz, prehrana in jutranje varstvo bodo organizirani kot obi\u010dajno. Po kon\u010danem [&hellip;]<\/p>\n","protected":false},"author":5997,"featured_media":0,"comment_status":"closed","ping_status":"closed","sticky":false,"template":"","format":"standard","meta":{"_et_pb_use_builder":"","_et_pb_old_content":"","_et_gb_content_width":"","ngg_post_thumbnail":0,"footnotes":"","_expiration-date-status":"","_expiration-date":0,"_expiration-date-type":"","_expiration-date-categories":[],"_expiration-date-options":[]},"categories":[10],"tags":[],"class_list":["post-8491","post","type-post","status-publish","format-standard","hentry","category-ps-loka","et-doesnt-have-format-content","et_post_format-et-post-format-standard"],"_links":{"self":[{"href":"https:\/\/www.os-slivnica.si\/index.php?rest_route=\/wp\/v2\/posts\/8491","targetHints":{"allow":["GET"]}}],"collection":[{"href":"https:\/\/www.os-slivnica.si\/index.php?rest_route=\/wp\/v2\/posts"}],"about":[{"href":"https:\/\/www.os-slivnica.si\/index.php?rest_route=\/wp\/v2\/types\/post"}],"author":[{"embeddable":true,"href":"https:\/\/www.os-slivnica.si\/index.php?rest_route=\/wp\/v2\/users\/5997"}],"replies":[{"embeddable":true,"href":"https:\/\/www.os-slivnica.si\/index.php?rest_route=%2Fwp%2Fv2%2Fcomments&post=8491"}],"version-history":[{"count":5,"href":"https:\/\/www.os-slivnica.si\/index.php?rest_route=\/wp\/v2\/posts\/8491\/revisions"}],"predecessor-version":[{"id":8501,"href":"https:\/\/www.os-slivnica.si\/index.php?rest_route=\/wp\/v2\/posts\/8491\/revisions\/8501"}],"wp:attachment":[{"href":"https:\/\/www.os-slivnica.si\/index.php?rest_route=%2Fwp%2Fv2%2Fmedia&parent=8491"}],"wp:term":[{"taxonomy":"category","embeddable":true,"href":"https:\/\/www.os-slivnica.si\/index.php?rest_route=%2Fwp%2Fv2%2Fcategories&post=8491"},{"taxonomy":"post_tag","embeddable":true,"href":"https:\/\/www.os-slivnica.si\/index.php?rest_route=%2Fwp%2Fv2%2Ftags&post=8491"}],"curies":[{"name":"wp","href":"https:\/\/api.w.org\/{rel}","templated":true}]}}