{"id":8465,"date":"2019-01-25T11:07:56","date_gmt":"2019-01-25T10:07:56","guid":{"rendered":"http:\/\/slivnica.splet.arnes.si\/?p=8465"},"modified":"2019-01-25T13:18:21","modified_gmt":"2019-01-25T12:18:21","slug":"delovna-sobota-2","status":"publish","type":"post","link":"https:\/\/www.os-slivnica.si\/?p=8465","title":{"rendered":"Delovna sobota na Prevorju"},"content":{"rendered":"<p><em>Spo\u0161tovani star\u0161i!<\/em><\/p>\n<p><em>Obve\u0161\u010damo vas, da bomo\u00a0 v skladu z 2. odstavkom 4. \u010dl. Pravilnika o \u0161olskem koledarju in letnim delovnim na\u010drtom O\u0160 Slivnica pri Celju<\/em><\/p>\n<p><strong><em>imeli v soboto, 2. februarja 2019, delovno soboto.<\/em><\/strong><\/p>\n<p><em><strong>Na Prevorju,<\/strong> bo <strong>pouk<\/strong> potekal po<strong> petkovem urniku<\/strong>, le da bo <strong>po malici \u0161portni dan.<\/strong> Po kon\u010danem \u0161portnem dnevu lahko u\u010denci odidejo domov. Po potrebi je lahko ta dan razvoz eno uro prej. \u010ce bo kdo ostal v podalj\u0161anem bivanju, ali bo imel ta dan tudi kosilo, naj sporo\u010di razredni\u010darki da \u010detrtka, 31. januarja.<br \/>\n<\/em><\/p>\n<p style=\"text-align: left\">Hvala za razumevanje. \u00a0\u00a0\u00a0\u00a0\u00a0\u00a0\u00a0\u00a0\u00a0\u00a0\u00a0\u00a0\u00a0\u00a0\u00a0\u00a0\u00a0\u00a0\u00a0\u00a0\u00a0\u00a0\u00a0\u00a0\u00a0\u00a0\u00a0\u00a0\u00a0\u00a0\u00a0\u00a0\u00a0\u00a0\u00a0\u00a0\u00a0\u00a0\u00a0\u00a0\u00a0\u00a0\u00a0\u00a0\u00a0\u00a0\u00a0\u00a0\u00a0\u00a0\u00a0\u00a0\u00a0\u00a0\u00a0\u00a0\u00a0\u00a0\u00a0\u00a0\u00a0\u00a0\u00a0\u00a0\u00a0\u00a0\u00a0\u00a0\u00a0\u00a0\u00a0\u00a0\u00a0\u00a0\u00a0\u00a0\u00a0\u00a0\u00a0\u00a0\u00a0\u00a0\u00a0\u00a0\u00a0\u00a0\u00a0\u00a0\u00a0\u00a0\u00a0\u00a0\u00a0\u00a0\u00a0\u00a0\u00a0\u00a0\u00a0\u00a0\u00a0\u00a0\u00a0\u00a0\u00a0\u00a0 Vodja \u0161ole: Marija Frece Perc<\/p>\n","protected":false},"excerpt":{"rendered":"<p>Spo\u0161tovani star\u0161i! Obve\u0161\u010damo vas, da bomo\u00a0 v skladu z 2. odstavkom 4. \u010dl. Pravilnika o \u0161olskem koledarju in letnim delovnim na\u010drtom O\u0160 Slivnica pri Celju imeli v soboto, 2. februarja 2019, delovno soboto. Na Prevorju, bo pouk potekal po petkovem urniku, le da bo po malici \u0161portni dan. Po kon\u010danem \u0161portnem dnevu lahko u\u010denci odidejo [&hellip;]<\/p>\n","protected":false},"author":6009,"featured_media":0,"comment_status":"closed","ping_status":"closed","sticky":false,"template":"","format":"standard","meta":{"_et_pb_use_builder":"","_et_pb_old_content":"","_et_gb_content_width":"","ngg_post_thumbnail":0,"footnotes":"","_expiration-date-status":"","_expiration-date":0,"_expiration-date-type":"","_expiration-date-categories":[],"_expiration-date-options":[]},"categories":[11],"tags":[],"class_list":["post-8465","post","type-post","status-publish","format-standard","hentry","category-ps-prevorje","et-doesnt-have-format-content","et_post_format-et-post-format-standard"],"_links":{"self":[{"href":"https:\/\/www.os-slivnica.si\/index.php?rest_route=\/wp\/v2\/posts\/8465","targetHints":{"allow":["GET"]}}],"collection":[{"href":"https:\/\/www.os-slivnica.si\/index.php?rest_route=\/wp\/v2\/posts"}],"about":[{"href":"https:\/\/www.os-slivnica.si\/index.php?rest_route=\/wp\/v2\/types\/post"}],"author":[{"embeddable":true,"href":"https:\/\/www.os-slivnica.si\/index.php?rest_route=\/wp\/v2\/users\/6009"}],"replies":[{"embeddable":true,"href":"https:\/\/www.os-slivnica.si\/index.php?rest_route=%2Fwp%2Fv2%2Fcomments&post=8465"}],"version-history":[{"count":3,"href":"https:\/\/www.os-slivnica.si\/index.php?rest_route=\/wp\/v2\/posts\/8465\/revisions"}],"predecessor-version":[{"id":8471,"href":"https:\/\/www.os-slivnica.si\/index.php?rest_route=\/wp\/v2\/posts\/8465\/revisions\/8471"}],"wp:attachment":[{"href":"https:\/\/www.os-slivnica.si\/index.php?rest_route=%2Fwp%2Fv2%2Fmedia&parent=8465"}],"wp:term":[{"taxonomy":"category","embeddable":true,"href":"https:\/\/www.os-slivnica.si\/index.php?rest_route=%2Fwp%2Fv2%2Fcategories&post=8465"},{"taxonomy":"post_tag","embeddable":true,"href":"https:\/\/www.os-slivnica.si\/index.php?rest_route=%2Fwp%2Fv2%2Ftags&post=8465"}],"curies":[{"name":"wp","href":"https:\/\/api.w.org\/{rel}","templated":true}]}}