{"id":8383,"date":"2019-01-07T22:40:34","date_gmt":"2019-01-07T21:40:34","guid":{"rendered":"http:\/\/slivnica.splet.arnes.si\/?p=8383"},"modified":"2019-01-07T22:40:34","modified_gmt":"2019-01-07T21:40:34","slug":"prvi-dan-na-arehu","status":"publish","type":"post","link":"https:\/\/www.os-slivnica.si\/?p=8383","title":{"rendered":"Prvi dan na Arehu"},"content":{"rendered":"<p>Za nami je prvi dan zimske \u0161ole v naravi, ki poteka na Arehu od 7. do 11. januarja 2019.<\/p>\n<p>Prispeli smo v pravo zimsko pravljico, kjer smo se \u017ee spustili po smu\u010darskih strminah, spoznali osnove astronomije ter do\u017eiveli no\u010dni pohod v bli\u017enji okolici Hotela Zarja. Nastanitev je zelo prijetna, osebje prijazno, zdaj je \u010das \u0161e za nove prijatelje. Nestrpno pri\u010dakujemo jutri\u0161nji dan in nove izzive.<\/p>\nngg_shortcode_0_placeholder\n","protected":false},"excerpt":{"rendered":"<p>Za nami je prvi dan zimske \u0161ole v naravi, ki poteka na Arehu od 7. do 11. januarja 2019. Prispeli smo v pravo zimsko pravljico, kjer smo se \u017ee spustili po smu\u010darskih strminah, spoznali osnove astronomije ter do\u017eiveli no\u010dni pohod v bli\u017enji okolici Hotela Zarja. Nastanitev je zelo prijetna, osebje prijazno, zdaj je \u010das \u0161e [&hellip;]<\/p>\n","protected":false},"author":5704,"featured_media":0,"comment_status":"closed","ping_status":"closed","sticky":false,"template":"","format":"standard","meta":{"_et_pb_use_builder":"","_et_pb_old_content":"","_et_gb_content_width":"","ngg_post_thumbnail":0,"footnotes":"","_expiration-date-status":"","_expiration-date":0,"_expiration-date-type":"","_expiration-date-categories":[],"_expiration-date-options":[]},"categories":[9],"tags":[],"class_list":["post-8383","post","type-post","status-publish","format-standard","hentry","category-aktualno","et-doesnt-have-format-content","et_post_format-et-post-format-standard"],"_links":{"self":[{"href":"https:\/\/www.os-slivnica.si\/index.php?rest_route=\/wp\/v2\/posts\/8383","targetHints":{"allow":["GET"]}}],"collection":[{"href":"https:\/\/www.os-slivnica.si\/index.php?rest_route=\/wp\/v2\/posts"}],"about":[{"href":"https:\/\/www.os-slivnica.si\/index.php?rest_route=\/wp\/v2\/types\/post"}],"author":[{"embeddable":true,"href":"https:\/\/www.os-slivnica.si\/index.php?rest_route=\/wp\/v2\/users\/5704"}],"replies":[{"embeddable":true,"href":"https:\/\/www.os-slivnica.si\/index.php?rest_route=%2Fwp%2Fv2%2Fcomments&post=8383"}],"version-history":[{"count":1,"href":"https:\/\/www.os-slivnica.si\/index.php?rest_route=\/wp\/v2\/posts\/8383\/revisions"}],"predecessor-version":[{"id":8385,"href":"https:\/\/www.os-slivnica.si\/index.php?rest_route=\/wp\/v2\/posts\/8383\/revisions\/8385"}],"wp:attachment":[{"href":"https:\/\/www.os-slivnica.si\/index.php?rest_route=%2Fwp%2Fv2%2Fmedia&parent=8383"}],"wp:term":[{"taxonomy":"category","embeddable":true,"href":"https:\/\/www.os-slivnica.si\/index.php?rest_route=%2Fwp%2Fv2%2Fcategories&post=8383"},{"taxonomy":"post_tag","embeddable":true,"href":"https:\/\/www.os-slivnica.si\/index.php?rest_route=%2Fwp%2Fv2%2Ftags&post=8383"}],"curies":[{"name":"wp","href":"https:\/\/api.w.org\/{rel}","templated":true}]}}