{"id":8365,"date":"2019-01-06T19:29:12","date_gmt":"2019-01-06T18:29:12","guid":{"rendered":"http:\/\/slivnica.splet.arnes.si\/?p=8365"},"modified":"2019-01-06T19:29:12","modified_gmt":"2019-01-06T18:29:12","slug":"zlati-kabel-2018-za-etwinning-projekt-wundervolle-welt-der-tiere","status":"publish","type":"post","link":"https:\/\/www.os-slivnica.si\/?p=8365","title":{"rendered":"Zlati kabel 2018 za eTwinning projekt Wundervolle Welt der Tiere"},"content":{"rendered":"<p>Ministrstvo za izobra\u017eevanje znanost in \u0161port ter Center RS za mobilnost in evropske programe izobra\u017eevanja in usposabljanja sta v \u010detrtek, 29. 11. 2018, O\u0160 Slivnica pri Celju podelila nacionalno nagrado Zlati kabel 2018 za projekt <strong><em>Wundervolle Welt der Tiere<\/em><\/strong> <em>(\u010cudoviti svet \u017eivali)<\/em> v starostni kategoriji 12\u201315 let.<\/p>\n<p>Nacionalna nagrada Zlati kabel se podeljuje za mednarodne eTwinning projekte, ki dosegajo pomembne rezultate na podro\u010dju pedago\u0161kih inovacij, mednarodnega sodelovanja med partnerskimi \u0161olami in kreativne rabe IKT-orodij.<\/p>\n<p>V obrazlo\u017eitvi nagrade za projekt <em>Wundervolle Welt der Tiere<\/em>, pri katerem so v lanskem \u0161olskem letu sodelovali na\u0161i u\u010denci, ki so se u\u010dili nem\u0161\u010dino kot drugi tuji jezik, je bilo zapisano:<\/p>\n<p>\u00bbS pomo\u010djo raznolikih projektnih aktivnosti so u\u010denci raziskovali \u017eivalski svet, se pri tem povezovali ter spoznavali nove besede v nem\u0161kem jeziku. Inovativne metode pou\u010devanja tujega jezika in druge uporabljene pedago\u0161ke metode so v vseh fazah projekta spodbujale aktivno sodelovanje u\u010dencev. U\u010denci so izbolj\u0161ali svoje znanje tujega jezika, okrepili motivacijo za u\u010denje, pove\u010dala pa se je tudi njihova ozave\u0161\u010denost o ogro\u017eenih \u017eivalskih vrstah in s tem so\u010dutje in skrb do narave. Projektne aktivnosti so na slovenski \u0161oli izvajali v sklopu izbirnega predmeta nem\u0161\u010dine, posamezne dejavnosti pa tudi s pomo\u010djo medpredmetnega povezovanja. Prav medpredmetna dimenzija je pomembna dodana vrednost projekta, med katere uvr\u0161\u010damo tudi dobro integracijo v u\u010dni na\u010drt, \u017ee omenjeno uporabo inovativnih metod pou\u010devanja tujega jezika, uporabo raznolike informacijsko komunikacijske tehnologije ter spodbujanje radovednosti u\u010dencev in njihove \u017eelje po raziskovanju.\u00ab<\/p>\n<p><a href=\"http:\/\/slivnica.splet.arnes.si\/files\/2019\/01\/Zlati-kabel-2018.jpg\"><img loading=\"lazy\" decoding=\"async\" class=\"alignnone size-medium wp-image-8367\" src=\"http:\/\/slivnica.splet.arnes.si\/files\/2019\/01\/Zlati-kabel-2018-300x219.jpg\" alt=\"\" width=\"300\" height=\"219\" srcset=\"https:\/\/www.os-slivnica.si\/files\/2019\/01\/Zlati-kabel-2018-300x219.jpg 300w, https:\/\/www.os-slivnica.si\/files\/2019\/01\/Zlati-kabel-2018.jpg 658w\" sizes=\"(max-width: 300px) 100vw, 300px\" \/><\/a>\u00a0<a href=\"http:\/\/slivnica.splet.arnes.si\/files\/2019\/01\/Zlati-kabel-2018_1.jpg\"><img loading=\"lazy\" decoding=\"async\" class=\"alignnone size-medium wp-image-8369\" src=\"http:\/\/slivnica.splet.arnes.si\/files\/2019\/01\/Zlati-kabel-2018_1-300x225.jpg\" alt=\"\" width=\"300\" height=\"225\" srcset=\"https:\/\/www.os-slivnica.si\/files\/2019\/01\/Zlati-kabel-2018_1-300x225.jpg 300w, https:\/\/www.os-slivnica.si\/files\/2019\/01\/Zlati-kabel-2018_1-768x576.jpg 768w, https:\/\/www.os-slivnica.si\/files\/2019\/01\/Zlati-kabel-2018_1-510x382.jpg 510w, https:\/\/www.os-slivnica.si\/files\/2019\/01\/Zlati-kabel-2018_1.jpg 800w\" sizes=\"(max-width: 300px) 100vw, 300px\" \/><\/a><\/p>\n","protected":false},"excerpt":{"rendered":"<p>Ministrstvo za izobra\u017eevanje znanost in \u0161port ter Center RS za mobilnost in evropske programe izobra\u017eevanja in usposabljanja sta v \u010detrtek, 29. 11. 2018, O\u0160 Slivnica pri Celju podelila nacionalno nagrado Zlati kabel 2018 za projekt Wundervolle Welt der Tiere (\u010cudoviti svet \u017eivali) v starostni kategoriji 12\u201315 let. Nacionalna nagrada Zlati kabel se podeljuje za mednarodne [&hellip;]<\/p>\n","protected":false},"author":4243,"featured_media":0,"comment_status":"closed","ping_status":"closed","sticky":false,"template":"","format":"standard","meta":{"_et_pb_use_builder":"","_et_pb_old_content":"","_et_gb_content_width":"","ngg_post_thumbnail":0,"footnotes":"","_expiration-date-status":"","_expiration-date":0,"_expiration-date-type":"","_expiration-date-categories":[],"_expiration-date-options":[]},"categories":[9],"tags":[],"class_list":["post-8365","post","type-post","status-publish","format-standard","hentry","category-aktualno","et-doesnt-have-format-content","et_post_format-et-post-format-standard"],"_links":{"self":[{"href":"https:\/\/www.os-slivnica.si\/index.php?rest_route=\/wp\/v2\/posts\/8365","targetHints":{"allow":["GET"]}}],"collection":[{"href":"https:\/\/www.os-slivnica.si\/index.php?rest_route=\/wp\/v2\/posts"}],"about":[{"href":"https:\/\/www.os-slivnica.si\/index.php?rest_route=\/wp\/v2\/types\/post"}],"author":[{"embeddable":true,"href":"https:\/\/www.os-slivnica.si\/index.php?rest_route=\/wp\/v2\/users\/4243"}],"replies":[{"embeddable":true,"href":"https:\/\/www.os-slivnica.si\/index.php?rest_route=%2Fwp%2Fv2%2Fcomments&post=8365"}],"version-history":[{"count":1,"href":"https:\/\/www.os-slivnica.si\/index.php?rest_route=\/wp\/v2\/posts\/8365\/revisions"}],"predecessor-version":[{"id":8371,"href":"https:\/\/www.os-slivnica.si\/index.php?rest_route=\/wp\/v2\/posts\/8365\/revisions\/8371"}],"wp:attachment":[{"href":"https:\/\/www.os-slivnica.si\/index.php?rest_route=%2Fwp%2Fv2%2Fmedia&parent=8365"}],"wp:term":[{"taxonomy":"category","embeddable":true,"href":"https:\/\/www.os-slivnica.si\/index.php?rest_route=%2Fwp%2Fv2%2Fcategories&post=8365"},{"taxonomy":"post_tag","embeddable":true,"href":"https:\/\/www.os-slivnica.si\/index.php?rest_route=%2Fwp%2Fv2%2Ftags&post=8365"}],"curies":[{"name":"wp","href":"https:\/\/api.w.org\/{rel}","templated":true}]}}