{"id":8303,"date":"2018-12-20T13:33:28","date_gmt":"2018-12-20T12:33:28","guid":{"rendered":"http:\/\/slivnica.splet.arnes.si\/?p=8303"},"modified":"2018-12-20T13:33:28","modified_gmt":"2018-12-20T12:33:28","slug":"proslava-ob-dnevu-samostojnosti-in-enotnosti-v-gorici","status":"publish","type":"post","link":"https:\/\/www.os-slivnica.si\/?p=8303","title":{"rendered":"Proslava ob dnevu samostojnosti in enotnosti v Gorici"},"content":{"rendered":"<p>V \u010detrtek, 20. decembra, smo v Gorici s prireditvijo naznanili prihajajo\u010de praznike. Poleg prepevanja Otro\u0161kega in Mladinskega zbora smo prisluhnili \u0161e deklamacijam u\u010dencev ter zvokom kitar, harmonike, tube in tolkal. Zaklju\u010dili smo s prijetnimi vo\u0161\u010dili in \u017eeljami ob prihajajo\u010dem novem letu.<\/p>\n<div class=\"gmail_default\" style=\"text-align: center\">&#8220;Na\u0161e vo\u0161\u010dilo je sporo\u010dilo<\/div>\n<div class=\"gmail_default\" style=\"text-align: center\">dolgo kot son\u010dev \u0161paget.<\/div>\n<div class=\"gmail_default\" style=\"text-align: center\">Vse, kar je sre\u010da, naj se pove\u010da,<\/div>\n<div class=\"gmail_default\" style=\"text-align: center\">br\u017e ko objame na\u0161 svet.<\/div>\n<div class=\"gmail_default\" style=\"text-align: center\">Na\u0161e darilo je sporo\u010dilo<\/div>\n<div class=\"gmail_default\" style=\"text-align: center\">stkano iz son\u010dnih \u017eelja,<\/div>\n<div class=\"gmail_default\" style=\"text-align: center\">sre\u010do v paketu vsak dan v letu<\/div>\n<div class=\"gmail_default\" style=\"text-align: center\">najprej poi\u0161\u010di doma.&#8221;<\/div>\n<div class=\"gmail_default\" style=\"text-align: center\">\u00a0 \u00a0 \u00a0 \u00a0 \u00a0 \u00a0 \u00a0 \u00a0 \u00a0 \u00a0 \u00a0 \u00a0 \u00a0 \u00a0 \u00a0 \u00a0 \u00a0 \u00a0 \u00a0 \u00a0 \u00a0 \u00a0 \u00a0 \u00a0 \u00a0 \u00a0 \u00a0(Zvezdana Majhen)<\/div>\nngg_shortcode_0_placeholder\n","protected":false},"excerpt":{"rendered":"<p>V \u010detrtek, 20. decembra, smo v Gorici s prireditvijo naznanili prihajajo\u010de praznike. Poleg prepevanja Otro\u0161kega in Mladinskega zbora smo prisluhnili \u0161e deklamacijam u\u010dencev ter zvokom kitar, harmonike, tube in tolkal. Zaklju\u010dili smo s prijetnimi vo\u0161\u010dili in \u017eeljami ob prihajajo\u010dem novem letu. &#8220;Na\u0161e vo\u0161\u010dilo je sporo\u010dilo dolgo kot son\u010dev \u0161paget. Vse, kar je sre\u010da, naj se [&hellip;]<\/p>\n","protected":false},"author":25171,"featured_media":0,"comment_status":"closed","ping_status":"closed","sticky":false,"template":"","format":"standard","meta":{"_et_pb_use_builder":"","_et_pb_old_content":"","_et_gb_content_width":"","ngg_post_thumbnail":0,"footnotes":"","_expiration-date-status":"","_expiration-date":0,"_expiration-date-type":"","_expiration-date-categories":[],"_expiration-date-options":[]},"categories":[9],"tags":[],"class_list":["post-8303","post","type-post","status-publish","format-standard","hentry","category-aktualno","et-doesnt-have-format-content","et_post_format-et-post-format-standard"],"_links":{"self":[{"href":"https:\/\/www.os-slivnica.si\/index.php?rest_route=\/wp\/v2\/posts\/8303","targetHints":{"allow":["GET"]}}],"collection":[{"href":"https:\/\/www.os-slivnica.si\/index.php?rest_route=\/wp\/v2\/posts"}],"about":[{"href":"https:\/\/www.os-slivnica.si\/index.php?rest_route=\/wp\/v2\/types\/post"}],"author":[{"embeddable":true,"href":"https:\/\/www.os-slivnica.si\/index.php?rest_route=\/wp\/v2\/users\/25171"}],"replies":[{"embeddable":true,"href":"https:\/\/www.os-slivnica.si\/index.php?rest_route=%2Fwp%2Fv2%2Fcomments&post=8303"}],"version-history":[{"count":4,"href":"https:\/\/www.os-slivnica.si\/index.php?rest_route=\/wp\/v2\/posts\/8303\/revisions"}],"predecessor-version":[{"id":8317,"href":"https:\/\/www.os-slivnica.si\/index.php?rest_route=\/wp\/v2\/posts\/8303\/revisions\/8317"}],"wp:attachment":[{"href":"https:\/\/www.os-slivnica.si\/index.php?rest_route=%2Fwp%2Fv2%2Fmedia&parent=8303"}],"wp:term":[{"taxonomy":"category","embeddable":true,"href":"https:\/\/www.os-slivnica.si\/index.php?rest_route=%2Fwp%2Fv2%2Fcategories&post=8303"},{"taxonomy":"post_tag","embeddable":true,"href":"https:\/\/www.os-slivnica.si\/index.php?rest_route=%2Fwp%2Fv2%2Ftags&post=8303"}],"curies":[{"name":"wp","href":"https:\/\/api.w.org\/{rel}","templated":true}]}}