{"id":8279,"date":"2018-12-12T18:27:09","date_gmt":"2018-12-12T17:27:09","guid":{"rendered":"http:\/\/slivnica.splet.arnes.si\/?p=8279"},"modified":"2018-12-12T18:39:47","modified_gmt":"2018-12-12T17:39:47","slug":"loski-ucenci-obelezili-cankarjevo-leto","status":"publish","type":"post","link":"https:\/\/www.os-slivnica.si\/?p=8279","title":{"rendered":"Lo\u0161ki u\u010denci obele\u017eili Cankarjevo leto"},"content":{"rendered":"<p><strong>\u0160la sva s sestro za hi\u0161o, legla sva v travo kraj plota<\/strong><\/p>\n<p><strong>ter sva jedla, ali nisva se pogledala ves \u010das in\u00a0<\/strong><\/p>\n<p><strong>tudi smejala se nisva.<\/strong><\/p>\n<p>(Iz knjige Pehar suhih hru\u0161k)<\/p>\n<p><strong><em>Cankarjevo leto<\/em><\/strong> se bli\u017ea h koncu in tudi v na\u0161i \u0161oli smo \u010das namenili spoznavanju tega pisatelju, dramatika, pesnika. Seznanili smo se z njegovim \u017eivljenjem ter brali njegova dela. Ob 100-letnici njegove smrti smo spoznanja strnili na plakat, prebrali \u0161e odlomek o skodelici kave, se posladkali s suhim sadjem in pri tem mislili na pehar\u010dek suhih hru\u0161k, ki so tako po\u010dasi izginjale iz omare &#8230;<\/p>\n<p>No, zagotovo je Ivan Cankar prepoznan po svojih brkih in da si ga bomo bolj vtisnili v spomin, smo iz testa spekli brke podobne njegovim.<\/p>\nngg_shortcode_0_placeholder\n<p>&nbsp;<\/p>\n<p>&nbsp;<\/p>\n","protected":false},"excerpt":{"rendered":"<p>\u0160la sva s sestro za hi\u0161o, legla sva v travo kraj plota ter sva jedla, ali nisva se pogledala ves \u010das in\u00a0 tudi smejala se nisva. (Iz knjige Pehar suhih hru\u0161k) Cankarjevo leto se bli\u017ea h koncu in tudi v na\u0161i \u0161oli smo \u010das namenili spoznavanju tega pisatelju, dramatika, pesnika. Seznanili smo se z njegovim [&hellip;]<\/p>\n","protected":false},"author":5997,"featured_media":0,"comment_status":"closed","ping_status":"closed","sticky":false,"template":"","format":"standard","meta":{"_et_pb_use_builder":"","_et_pb_old_content":"","_et_gb_content_width":"","ngg_post_thumbnail":0,"footnotes":"","_expiration-date-status":"","_expiration-date":0,"_expiration-date-type":"","_expiration-date-categories":[],"_expiration-date-options":[]},"categories":[9,10],"tags":[],"class_list":["post-8279","post","type-post","status-publish","format-standard","hentry","category-aktualno","category-ps-loka","et-doesnt-have-format-content","et_post_format-et-post-format-standard"],"_links":{"self":[{"href":"https:\/\/www.os-slivnica.si\/index.php?rest_route=\/wp\/v2\/posts\/8279","targetHints":{"allow":["GET"]}}],"collection":[{"href":"https:\/\/www.os-slivnica.si\/index.php?rest_route=\/wp\/v2\/posts"}],"about":[{"href":"https:\/\/www.os-slivnica.si\/index.php?rest_route=\/wp\/v2\/types\/post"}],"author":[{"embeddable":true,"href":"https:\/\/www.os-slivnica.si\/index.php?rest_route=\/wp\/v2\/users\/5997"}],"replies":[{"embeddable":true,"href":"https:\/\/www.os-slivnica.si\/index.php?rest_route=%2Fwp%2Fv2%2Fcomments&post=8279"}],"version-history":[{"count":4,"href":"https:\/\/www.os-slivnica.si\/index.php?rest_route=\/wp\/v2\/posts\/8279\/revisions"}],"predecessor-version":[{"id":8287,"href":"https:\/\/www.os-slivnica.si\/index.php?rest_route=\/wp\/v2\/posts\/8279\/revisions\/8287"}],"wp:attachment":[{"href":"https:\/\/www.os-slivnica.si\/index.php?rest_route=%2Fwp%2Fv2%2Fmedia&parent=8279"}],"wp:term":[{"taxonomy":"category","embeddable":true,"href":"https:\/\/www.os-slivnica.si\/index.php?rest_route=%2Fwp%2Fv2%2Fcategories&post=8279"},{"taxonomy":"post_tag","embeddable":true,"href":"https:\/\/www.os-slivnica.si\/index.php?rest_route=%2Fwp%2Fv2%2Ftags&post=8279"}],"curies":[{"name":"wp","href":"https:\/\/api.w.org\/{rel}","templated":true}]}}