{"id":8255,"date":"2018-12-05T13:54:29","date_gmt":"2018-12-05T12:54:29","guid":{"rendered":"http:\/\/slivnica.splet.arnes.si\/?p=8255"},"modified":"2018-12-05T13:54:29","modified_gmt":"2018-12-05T12:54:29","slug":"obiskali-smo-34-slovenski-knjizni-sejem-in-muzej-iluzij","status":"publish","type":"post","link":"https:\/\/www.os-slivnica.si\/?p=8255","title":{"rendered":"Obiskali smo 34. Slovenski knji\u017eni sejem in Muzej Iluzij"},"content":{"rendered":"<p>\u010clani knji\u017eni\u010darskega kro\u017eka smo si v \u010detrtek, 22. 11. 2018, ogledali Muzej iluzij in 34. Slovenski knji\u017eni sejem v Cankarjevem domu, kjer smo obiskali stojnice ter dogodke in delavnice, ki so jih na\u010drtovali na ta dan. Obisk sejma smo izkoristili tudi za nakup nekaj leposlovnih in pou\u010dnih knjig za na\u0161o \u0161olsko knji\u017enico.ngg_shortcode_0_placeholder<!--more--><\/p>\n<p>Ekskurzije se je udele\u017eila tudi sedmo\u0161olka Fiona:<\/p>\n<p>&#8220;V Ljubljano smo se odpeljali z vlakom iz \u0160entjurja. Vo\u017enja z vlakom je hitro minila, saj sem bila s prijateljicami, s katerimi mi ni nikoli dolg\u010das. V Ljubljani smo najprej obiskali Muzej iluzij, kjer nas je sprejela prijazna vodi\u010dka. Najprej nam je predstavila muzej, nato pa smo se odpravili na ogled. Tam je bilo veliko iluzij, ki so zmedle na\u0161e mo\u017egane. Najbolj v\u0161e\u010d mi je bil tunel, ki je zmedel na\u0161e ravnote\u017eje. Na koncu smo lahko kupili spominke in se igrali z miselnimi igrami. Pred obiskom knji\u017enega sejma smo imeli \u010das za kosilo. V Cankarjevem domu smo najprej odlo\u017eili garderobo, nato pa smo lahko v treh nadstropjih obiskovali stojnice in razli\u010dne dogodke. Lahko smo kupili tudi kak\u0161no knjigo. V \u0160entjur smo se vrnili ob 17.30, kjer so nas \u017ee \u010dakali star\u0161i. Na ekskurziji je bilo zabavno, ogled muzeja in knji\u017enega sejma priporo\u010dam tudi drugim.&#8221;<\/p>\n<p>&nbsp;<\/p>\n<p>&nbsp;<\/p>\n<p>&nbsp;<\/p>\n","protected":false},"excerpt":{"rendered":"<p>\u010clani knji\u017eni\u010darskega kro\u017eka smo si v \u010detrtek, 22. 11. 2018, ogledali Muzej iluzij in 34. Slovenski knji\u017eni sejem v Cankarjevem domu, kjer smo obiskali stojnice ter dogodke in delavnice, ki so jih na\u010drtovali na ta dan. Obisk sejma smo izkoristili tudi za nakup nekaj leposlovnih in pou\u010dnih knjig za na\u0161o \u0161olsko knji\u017enico.<\/p>\n","protected":false},"author":4050,"featured_media":0,"comment_status":"closed","ping_status":"closed","sticky":false,"template":"","format":"standard","meta":{"_et_pb_use_builder":"","_et_pb_old_content":"","_et_gb_content_width":"","ngg_post_thumbnail":0,"footnotes":"","_expiration-date-status":"","_expiration-date":0,"_expiration-date-type":"","_expiration-date-categories":[],"_expiration-date-options":[]},"categories":[9],"tags":[],"class_list":["post-8255","post","type-post","status-publish","format-standard","hentry","category-aktualno","et-doesnt-have-format-content","et_post_format-et-post-format-standard"],"_links":{"self":[{"href":"https:\/\/www.os-slivnica.si\/index.php?rest_route=\/wp\/v2\/posts\/8255","targetHints":{"allow":["GET"]}}],"collection":[{"href":"https:\/\/www.os-slivnica.si\/index.php?rest_route=\/wp\/v2\/posts"}],"about":[{"href":"https:\/\/www.os-slivnica.si\/index.php?rest_route=\/wp\/v2\/types\/post"}],"author":[{"embeddable":true,"href":"https:\/\/www.os-slivnica.si\/index.php?rest_route=\/wp\/v2\/users\/4050"}],"replies":[{"embeddable":true,"href":"https:\/\/www.os-slivnica.si\/index.php?rest_route=%2Fwp%2Fv2%2Fcomments&post=8255"}],"version-history":[{"count":4,"href":"https:\/\/www.os-slivnica.si\/index.php?rest_route=\/wp\/v2\/posts\/8255\/revisions"}],"predecessor-version":[{"id":8263,"href":"https:\/\/www.os-slivnica.si\/index.php?rest_route=\/wp\/v2\/posts\/8255\/revisions\/8263"}],"wp:attachment":[{"href":"https:\/\/www.os-slivnica.si\/index.php?rest_route=%2Fwp%2Fv2%2Fmedia&parent=8255"}],"wp:term":[{"taxonomy":"category","embeddable":true,"href":"https:\/\/www.os-slivnica.si\/index.php?rest_route=%2Fwp%2Fv2%2Fcategories&post=8255"},{"taxonomy":"post_tag","embeddable":true,"href":"https:\/\/www.os-slivnica.si\/index.php?rest_route=%2Fwp%2Fv2%2Ftags&post=8255"}],"curies":[{"name":"wp","href":"https:\/\/api.w.org\/{rel}","templated":true}]}}