{"id":8237,"date":"2018-12-04T15:18:03","date_gmt":"2018-12-04T14:18:03","guid":{"rendered":"http:\/\/slivnica.splet.arnes.si\/?p=8237"},"modified":"2018-12-04T15:26:25","modified_gmt":"2018-12-04T14:26:25","slug":"ta-veseli-dan-kulture-v-loki","status":"publish","type":"post","link":"https:\/\/www.os-slivnica.si\/?p=8237","title":{"rendered":"Ta veseli dan kulture v Loki"},"content":{"rendered":"<p>V ponedeljek, 3. 12. 2018, smo u\u010denci in u\u010ditelji obele\u017eili dan kulture s kratkim programom in petjem. Prireditev je potekala v cerkvi sv. Leopolda v Loki pri \u017dusmu. Po kon\u010danem kulturnem programu smo si ogledali \u0161e muzej steklarstva in ob\u010dudovali izdelke, ki so jih izdelali steklarski mojstri. Bilo je zelo zanimivo.<\/p>\nngg_shortcode_0_placeholder\n","protected":false},"excerpt":{"rendered":"<p>V ponedeljek, 3. 12. 2018, smo u\u010denci in u\u010ditelji obele\u017eili dan kulture s kratkim programom in petjem. Prireditev je potekala v cerkvi sv. Leopolda v Loki pri \u017dusmu. Po kon\u010danem kulturnem programu smo si ogledali \u0161e muzej steklarstva in ob\u010dudovali izdelke, ki so jih izdelali steklarski mojstri. Bilo je zelo zanimivo.<\/p>\n","protected":false},"author":24821,"featured_media":0,"comment_status":"closed","ping_status":"closed","sticky":false,"template":"","format":"standard","meta":{"_et_pb_use_builder":"","_et_pb_old_content":"","_et_gb_content_width":"","ngg_post_thumbnail":0,"footnotes":"","_expiration-date-status":"","_expiration-date":0,"_expiration-date-type":"","_expiration-date-categories":[],"_expiration-date-options":[]},"categories":[9,10],"tags":[],"class_list":["post-8237","post","type-post","status-publish","format-standard","hentry","category-aktualno","category-ps-loka","et-doesnt-have-format-content","et_post_format-et-post-format-standard"],"_links":{"self":[{"href":"https:\/\/www.os-slivnica.si\/index.php?rest_route=\/wp\/v2\/posts\/8237","targetHints":{"allow":["GET"]}}],"collection":[{"href":"https:\/\/www.os-slivnica.si\/index.php?rest_route=\/wp\/v2\/posts"}],"about":[{"href":"https:\/\/www.os-slivnica.si\/index.php?rest_route=\/wp\/v2\/types\/post"}],"author":[{"embeddable":true,"href":"https:\/\/www.os-slivnica.si\/index.php?rest_route=\/wp\/v2\/users\/24821"}],"replies":[{"embeddable":true,"href":"https:\/\/www.os-slivnica.si\/index.php?rest_route=%2Fwp%2Fv2%2Fcomments&post=8237"}],"version-history":[{"count":3,"href":"https:\/\/www.os-slivnica.si\/index.php?rest_route=\/wp\/v2\/posts\/8237\/revisions"}],"predecessor-version":[{"id":8243,"href":"https:\/\/www.os-slivnica.si\/index.php?rest_route=\/wp\/v2\/posts\/8237\/revisions\/8243"}],"wp:attachment":[{"href":"https:\/\/www.os-slivnica.si\/index.php?rest_route=%2Fwp%2Fv2%2Fmedia&parent=8237"}],"wp:term":[{"taxonomy":"category","embeddable":true,"href":"https:\/\/www.os-slivnica.si\/index.php?rest_route=%2Fwp%2Fv2%2Fcategories&post=8237"},{"taxonomy":"post_tag","embeddable":true,"href":"https:\/\/www.os-slivnica.si\/index.php?rest_route=%2Fwp%2Fv2%2Ftags&post=8237"}],"curies":[{"name":"wp","href":"https:\/\/api.w.org\/{rel}","templated":true}]}}