{"id":8191,"date":"2018-11-30T13:12:25","date_gmt":"2018-11-30T12:12:25","guid":{"rendered":"http:\/\/slivnica.splet.arnes.si\/?p=8191"},"modified":"2018-12-03T12:30:59","modified_gmt":"2018-12-03T11:30:59","slug":"miklavzev-koncert-in-miklavzev-sejem","status":"publish","type":"post","link":"https:\/\/www.os-slivnica.si\/?p=8191","title":{"rendered":"Miklav\u017eev koncert in Miklav\u017eev sejem"},"content":{"rendered":"<p>Prihaja mesec obdarovanj in veselja. Kot \u017ee nekaj let poprej smo tudi letos v \u010detrtek, 29. 11. 2018, ob 16. uri na \u0161oli priredili\u00a0<strong>Miklav\u017eev koncert.\u00a0<\/strong>\u00a0\u0160olska telovadnica se je spremenila v\u00a0 dvorano, kjer so si obiskovalci lahko ogledali prireditev\u00a0 na temo kulturne dedi\u0161\u010dine &#8220;Ko zadi\u0161i po starih cajtih&#8221;. Voditeljici Sara Koprivc v vlogi vnukinje in gospa\u00a0Nada Pungar\u0161ek v vlogi babice sta nas ob pestrem programu petja, plesa in igranja popeljali skozi \u017eivljenje in igro otrok v preteklosti. Njuno pripovedovanje so obogatili Otro\u0161ki pevski zbor in Mladinski pevski zbor z zborovodkinjo Metko Bevc, folklorni skupini iz podru\u017eni\u010dne \u0161ole Prevorje in mati\u010dne \u0161ole z mentoricama Matejko Kramer in\u00a0Polonco Vengu\u0161t, Otro\u0161ki pevski zbor s podru\u017enice Loka pri \u017dusmu pod vodstvom Klaudije Fajdiga, ter Hoblmajstri in in\u0161trumentalisti na harmonikah, klarinetu in citrah. Gostje na koncertu so bili LU\u0160&#8217;ni orkester z Jasmino Levi\u010dar in ljudska godca Denis in Viki.<\/p>\n<p>Pred in po predstavi je v prostoru pred telovadnico potekal\u00a0<strong>Miklav\u017eev sejem<\/strong>. Na obilno zalo\u017eenih in lepo okra\u0161enih stojnicah so u\u010denci prodajali unikatne izdelke. Nastali so pod pridnimi rokami u\u010dencev in u\u010diteljev mati\u010dne \u0161ole in obeh podru\u017enic pri dnevih dejavnosti in izbirnih vsebinah. Obiskovalci so lahko izbirali med sladkimi pi\u0161koti, medenjaki, kompoti ter rezanci ali med prakti\u010dnimi darilci kot so sve\u010dniki, nakit, adventni ven\u010dki, unikatni \u0161ali, obeski, figurice in novoletnimi vo\u0161\u010dilnicami. Nad izdelki so bili obiskovalci zelo navdu\u0161eni in so jih z veseljem kupovali.<\/p>\n<p>Zbrana sredstva bodo namenjena\u00a0\u0160olskemu skladu\u00a0O\u0160 Slivnica pri Celju.<\/p>\nngg_shortcode_0_placeholder\n","protected":false},"excerpt":{"rendered":"<p>Prihaja mesec obdarovanj in veselja. Kot \u017ee nekaj let poprej smo tudi letos v \u010detrtek, 29. 11. 2018, ob 16. uri na \u0161oli priredili\u00a0Miklav\u017eev koncert.\u00a0\u00a0\u0160olska telovadnica se je spremenila v\u00a0 dvorano, kjer so si obiskovalci lahko ogledali prireditev\u00a0 na temo kulturne dedi\u0161\u010dine &#8220;Ko zadi\u0161i po starih cajtih&#8221;. Voditeljici Sara Koprivc v vlogi vnukinje in gospa\u00a0Nada [&hellip;]<\/p>\n","protected":false},"author":25171,"featured_media":0,"comment_status":"closed","ping_status":"closed","sticky":false,"template":"","format":"standard","meta":{"_et_pb_use_builder":"","_et_pb_old_content":"","_et_gb_content_width":"","ngg_post_thumbnail":0,"footnotes":"","_expiration-date-status":"","_expiration-date":0,"_expiration-date-type":"","_expiration-date-categories":[],"_expiration-date-options":[]},"categories":[9],"tags":[],"class_list":["post-8191","post","type-post","status-publish","format-standard","hentry","category-aktualno","et-doesnt-have-format-content","et_post_format-et-post-format-standard"],"_links":{"self":[{"href":"https:\/\/www.os-slivnica.si\/index.php?rest_route=\/wp\/v2\/posts\/8191","targetHints":{"allow":["GET"]}}],"collection":[{"href":"https:\/\/www.os-slivnica.si\/index.php?rest_route=\/wp\/v2\/posts"}],"about":[{"href":"https:\/\/www.os-slivnica.si\/index.php?rest_route=\/wp\/v2\/types\/post"}],"author":[{"embeddable":true,"href":"https:\/\/www.os-slivnica.si\/index.php?rest_route=\/wp\/v2\/users\/25171"}],"replies":[{"embeddable":true,"href":"https:\/\/www.os-slivnica.si\/index.php?rest_route=%2Fwp%2Fv2%2Fcomments&post=8191"}],"version-history":[{"count":9,"href":"https:\/\/www.os-slivnica.si\/index.php?rest_route=\/wp\/v2\/posts\/8191\/revisions"}],"predecessor-version":[{"id":8233,"href":"https:\/\/www.os-slivnica.si\/index.php?rest_route=\/wp\/v2\/posts\/8191\/revisions\/8233"}],"wp:attachment":[{"href":"https:\/\/www.os-slivnica.si\/index.php?rest_route=%2Fwp%2Fv2%2Fmedia&parent=8191"}],"wp:term":[{"taxonomy":"category","embeddable":true,"href":"https:\/\/www.os-slivnica.si\/index.php?rest_route=%2Fwp%2Fv2%2Fcategories&post=8191"},{"taxonomy":"post_tag","embeddable":true,"href":"https:\/\/www.os-slivnica.si\/index.php?rest_route=%2Fwp%2Fv2%2Ftags&post=8191"}],"curies":[{"name":"wp","href":"https:\/\/api.w.org\/{rel}","templated":true}]}}