{"id":8135,"date":"2018-11-24T16:00:12","date_gmt":"2018-11-24T15:00:12","guid":{"rendered":"http:\/\/slivnica.splet.arnes.si\/?p=8135"},"modified":"2018-11-26T06:40:31","modified_gmt":"2018-11-26T05:40:31","slug":"v-2-razredu-je-disalo-po-piskotih","status":"publish","type":"post","link":"https:\/\/www.os-slivnica.si\/?p=8135","title":{"rendered":"V 2. razredu je di\u0161alo po pi\u0161kotih"},"content":{"rendered":"<p>V \u010detrtek, 22. 11. 2018, smo se drugo\u0161olci z u\u010diteljicama Polono in Majo ter gospo Ireno lotili izdelkov za Miklav\u017eev sejem. Izdelovali in pekli smo krhke pi\u0161kote, ki smo jih bogato okrasili. Z model\u010dki\u00a0smo izrezovali\u00a0okraske iz slanega testa. Svoje vtise smo narisali in napisali. Ostalo pa nam je \u0161e nekaj \u010dasa za igro na prostem.\u00a0Ve\u010d v galeriji<\/p>\n<p>Kar smo izdelali, bo naprodaj v \u010detrtek, 29. 11. 2018, na Miklav\u017eevem sejmu. Vabljeni k nakupu&#8230;<\/p>\nngg_shortcode_0_placeholder\n","protected":false},"excerpt":{"rendered":"<p>V \u010detrtek, 22. 11. 2018, smo se drugo\u0161olci z u\u010diteljicama Polono in Majo ter gospo Ireno lotili izdelkov za Miklav\u017eev sejem. Izdelovali in pekli smo krhke pi\u0161kote, ki smo jih bogato okrasili. Z model\u010dki\u00a0smo izrezovali\u00a0okraske iz slanega testa. Svoje vtise smo narisali in napisali. Ostalo pa nam je \u0161e nekaj \u010dasa za igro na prostem.\u00a0Ve\u010d [&hellip;]<\/p>\n","protected":false},"author":7519,"featured_media":0,"comment_status":"closed","ping_status":"closed","sticky":false,"template":"","format":"standard","meta":{"_et_pb_use_builder":"off","_et_pb_old_content":"V \u010detrtek, 22. 11. 2018, smo se drugo\u0161olci z u\u010diteljicama Polono in Majo ter gospo Ireno lotili izdelkov za Miklav\u017eev sejem. Izdelovali in pekli smo krhke pi\u0161kote, ki smo jih bogato okrasili. Z model\u010dki\u00a0smo izrezovali\u00a0okraske iz slanega testa. Svoje vtise smo narisali in napisali. Ostalo pa nam je \u0161e nekaj \u010dasa za igro na prostem.\u00a0Ve\u010d v galeriji\u00a0[nggallery id=947]\r\n\r\nKar smo izdelali, bo naprodaj v \u010detrtek, 29. 11. 2018, na Miklav\u017eevem sejmu. Vabljeni k nakupu...\r\n\r\n\u00a0","_et_gb_content_width":"","ngg_post_thumbnail":0,"footnotes":"","_expiration-date-status":"","_expiration-date":0,"_expiration-date-type":"","_expiration-date-categories":[],"_expiration-date-options":[]},"categories":[9],"tags":[],"class_list":["post-8135","post","type-post","status-publish","format-standard","hentry","category-aktualno","et-doesnt-have-format-content","et_post_format-et-post-format-standard"],"_links":{"self":[{"href":"https:\/\/www.os-slivnica.si\/index.php?rest_route=\/wp\/v2\/posts\/8135","targetHints":{"allow":["GET"]}}],"collection":[{"href":"https:\/\/www.os-slivnica.si\/index.php?rest_route=\/wp\/v2\/posts"}],"about":[{"href":"https:\/\/www.os-slivnica.si\/index.php?rest_route=\/wp\/v2\/types\/post"}],"author":[{"embeddable":true,"href":"https:\/\/www.os-slivnica.si\/index.php?rest_route=\/wp\/v2\/users\/7519"}],"replies":[{"embeddable":true,"href":"https:\/\/www.os-slivnica.si\/index.php?rest_route=%2Fwp%2Fv2%2Fcomments&post=8135"}],"version-history":[{"count":11,"href":"https:\/\/www.os-slivnica.si\/index.php?rest_route=\/wp\/v2\/posts\/8135\/revisions"}],"predecessor-version":[{"id":8179,"href":"https:\/\/www.os-slivnica.si\/index.php?rest_route=\/wp\/v2\/posts\/8135\/revisions\/8179"}],"wp:attachment":[{"href":"https:\/\/www.os-slivnica.si\/index.php?rest_route=%2Fwp%2Fv2%2Fmedia&parent=8135"}],"wp:term":[{"taxonomy":"category","embeddable":true,"href":"https:\/\/www.os-slivnica.si\/index.php?rest_route=%2Fwp%2Fv2%2Fcategories&post=8135"},{"taxonomy":"post_tag","embeddable":true,"href":"https:\/\/www.os-slivnica.si\/index.php?rest_route=%2Fwp%2Fv2%2Ftags&post=8135"}],"curies":[{"name":"wp","href":"https:\/\/api.w.org\/{rel}","templated":true}]}}